{"id":668,"date":"2022-06-03T14:55:40","date_gmt":"2022-06-03T18:55:40","guid":{"rendered":"https:\/\/www.ciudadgoticanews.com\/?p=668"},"modified":"2022-06-03T14:55:40","modified_gmt":"2022-06-03T18:55:40","slug":"migrantes-venezolanos-presos-en-curazao-provocan-incendio-para-llamar-la-atencion-de-autoridades-de-la-isla-tras-haber-sido-trasladados-desde-centro-de-detencion-para-indocumentados-a-carcel-comun","status":"publish","type":"post","link":"https:\/\/www.ciudadgoticanews.com\/index.php\/2022\/06\/03\/migrantes-venezolanos-presos-en-curazao-provocan-incendio-para-llamar-la-atencion-de-autoridades-de-la-isla-tras-haber-sido-trasladados-desde-centro-de-detencion-para-indocumentados-a-carcel-comun\/","title":{"rendered":"Migrantes venezolanos presos en Curazao provocan incendio para llamar la atenci\u00f3n de autoridades de la isla tras haber sido trasladados desde centro de detenci\u00f3n para indocumentados a c\u00e1rcel com\u00fan"},"content":{"rendered":"<p>Recientemente, se pudo saber que ocho ciudadanos venezolanos fueron trasladados a una c\u00e1rcel para delincuentes comunes, luego de que se ejecutara el cierre del centro de detenci\u00f3n para indocumentados en el que se encontraban en Curazao.<\/p>\n<p>El motivo de la clausura tendr\u00eda que ver con las condiciones \u00abinfrahumanas\u00bb a las que somet\u00edan a sus reclusos. As\u00ed lo refiri\u00f3 la ONG Human Rights Defense Curazao (HRDC), seg\u00fan rese\u00f1\u00f3 <a href=\"https:\/\/www.caraotadigital.net\/mundo\/venezolanos-provocaron-incendio-en-una-carcel-de-curazao-para-exigir-su-liberacion\" rel=\"noreferrer\" data-ss1654281675=\"1\">Caraota Digital<\/a>.<\/p>\n<p>Como consecuencia de esta situaci\u00f3n, este martes 31 de mayo, los reos protestaron para exigir su liberaci\u00f3n. En medio de la manifestaci\u00f3n, se registr\u00f3 un incendio en el Bloque 1 del centro penitenciario de la isla.<\/p>\n<p>Aparentemente, el fuego se habr\u00eda originado en una celda donde se encontraban recluidos cuatro de los inmigrantes, los cuales habr\u00edan iniciado el fuego, con la intenci\u00f3n de llamar la atenci\u00f3n de las autoridades.<\/p>\n<p>El incendio provoc\u00f3 la evacuaci\u00f3n de los venezolanos del \u00e1rea y su traslado al \u00e1rea de atenci\u00f3n m\u00e9dica.<\/p>\n","protected":false},"excerpt":{"rendered":"<p>Recientemente, se pudo saber que ocho ciudadanos venezolanos fueron trasladados a una c\u00e1rcel para delincuentes comunes, luego de que se ejecutara el cierre del centro de detenci\u00f3n para indocumentados en el que se encontraban en Curazao. El motivo de la clausura tendr\u00eda que ver con las condiciones \u00abinfrahumanas\u00bb a las que somet\u00edan a sus reclusos. [&hellip;]<\/p>\n","protected":false},"author":1,"featured_media":670,"comment_status":"open","ping_status":"open","sticky":false,"template":"","format":"standard","meta":{"h5ap_radio_sources":[],"footnotes":""},"categories":[6],"tags":[],"class_list":["post-668","post","type-post","status-publish","format-standard","has-post-thumbnail","hentry","category-curacao"],"aioseo_notices":[],"_links":{"self":[{"href":"https:\/\/www.ciudadgoticanews.com\/index.php\/wp-json\/wp\/v2\/posts\/668","targetHints":{"allow":["GET"]}}],"collection":[{"href":"https:\/\/www.ciudadgoticanews.com\/index.php\/wp-json\/wp\/v2\/posts"}],"about":[{"href":"https:\/\/www.ciudadgoticanews.com\/index.php\/wp-json\/wp\/v2\/types\/post"}],"author":[{"embeddable":true,"href":"https:\/\/www.ciudadgoticanews.com\/index.php\/wp-json\/wp\/v2\/users\/1"}],"replies":[{"embeddable":true,"href":"https:\/\/www.ciudadgoticanews.com\/index.php\/wp-json\/wp\/v2\/comments?post=668"}],"version-history":[{"count":0,"href":"https:\/\/www.ciudadgoticanews.com\/index.php\/wp-json\/wp\/v2\/posts\/668\/revisions"}],"wp:featuredmedia":[{"embeddable":true,"href":"https:\/\/www.ciudadgoticanews.com\/index.php\/wp-json\/wp\/v2\/media\/670"}],"wp:attachment":[{"href":"https:\/\/www.ciudadgoticanews.com\/index.php\/wp-json\/wp\/v2\/media?parent=668"}],"wp:term":[{"taxonomy":"category","embeddable":true,"href":"https:\/\/www.ciudadgoticanews.com\/index.php\/wp-json\/wp\/v2\/categories?post=668"},{"taxonomy":"post_tag","embeddable":true,"href":"https:\/\/www.ciudadgoticanews.com\/index.php\/wp-json\/wp\/v2\/tags?post=668"}],"curies":[{"name":"wp","href":"https:\/\/api.w.org\/{rel}","templated":true}]}}