{"id":7430,"date":"2024-03-09T05:27:02","date_gmt":"2024-03-09T09:27:02","guid":{"rendered":"https:\/\/www.ciudadgoticanews.com\/?p=7430"},"modified":"2024-03-09T06:19:19","modified_gmt":"2024-03-09T10:19:19","slug":"grego-camino-o-negocio-de-fe-desentranando","status":"publish","type":"post","link":"https:\/\/www.ciudadgoticanews.com\/index.php\/2024\/03\/09\/grego-camino-o-negocio-de-fe-desentranando\/","title":{"rendered":"Grego, \u00bfcamino o negocio de fe?: desentra\u00f1ando la pol\u00e9mica alrededor del libro de Mauricio Donelli y S\u00f3crates Serrano, y c\u00f3mo Donelli se expondr\u00eda a sanciones del Tesoro"},"content":{"rendered":"<p>En los \u00faltimos tiempos, el fot\u00f3grafo venezolano Mauricio Donelli ha estado en el centro de varias controversias. Su nombre se ha asociado a un libro que pretende lucrar con la figura del beato Jos\u00e9 Gregorio Hern\u00e1ndez, el m\u00e9dico de los pobres, cuya vida y milagros han inspirado a millones de venezolanos.<\/p>\n<h3>Un libro pol\u00e9mico<\/h3>\n<p>El libro en cuesti\u00f3n se titula \u00abGrego: camino de fe\u00bb y es una obra conjunta de Donelli y el actor S\u00f3crates Serrano. Se trata de un fotolibro que narra la historia del beato a trav\u00e9s de im\u00e1genes. El libro fue publicado en agosto de 2023 por la editorial Arte, luego de tres a\u00f1os de trabajo de los coautores. Se entiende que \u00abGrego\u00bb es un diminutivo de Gregorio, el segundo nombre del beato.<\/p>\n<p><a href=\"https:\/\/www.ciudadgoticanews.com\/wp-content\/uploads\/2024\/03\/grego_1.jpg\"><img loading=\"lazy\" decoding=\"async\" class=\"aligncenter size-full wp-image-7439\" src=\"https:\/\/www.ciudadgoticanews.com\/wp-content\/uploads\/2024\/03\/grego_1.jpg\" alt=\"\" width=\"1200\" height=\"675\" srcset=\"https:\/\/www.ciudadgoticanews.com\/wp-content\/uploads\/2024\/03\/grego_1.jpg 1200w, https:\/\/www.ciudadgoticanews.com\/wp-content\/uploads\/2024\/03\/grego_1-300x169.jpg 300w, https:\/\/www.ciudadgoticanews.com\/wp-content\/uploads\/2024\/03\/grego_1-1024x576.jpg 1024w, https:\/\/www.ciudadgoticanews.com\/wp-content\/uploads\/2024\/03\/grego_1-768x432.jpg 768w\" sizes=\"auto, (max-width: 1200px) 100vw, 1200px\" \/><\/a><\/p>\n<p>Seg\u00fan Donelli, el libro es el resultado de un viaje art\u00edstico-espiritual que los llev\u00f3 a visitar diversos lugares relacionados con Jos\u00e9 Gregorio Hern\u00e1ndez, tanto en Venezuela como en el extranjero. Entre ellos, se encuentran Isnot\u00fa, pueblo natal del m\u00e9dico de los pobres en el estado Trujillo; Nueva York, Par\u00eds, Roma, Toscana y Madrid; y el Vaticano, donde se encuentra la Reliquia Magna, la clav\u00edcula derecha del beato.<\/p>\n<p>El libro tambi\u00e9n contiene una serie de testimonios personales de los autores, en los que cuentan las experiencias sobrenaturales que vivieron durante el proyecto y que los hicieron creer en los milagros de Jos\u00e9 Gregorio Hern\u00e1ndez, al igual que muchos otros venezolanos.<\/p>\n<p>El libro se presenta en tres versiones: una econ\u00f3mica, una de costo intermedio y otra de lujo. Esta \u00faltima tiene un precio de varios miles de d\u00f3lares y se ofrece con una supuesta reliquia del beato, es decir, un fragmento de su cuerpo. Una de las versiones se puede adquirir en una librer\u00eda en l\u00ednea por m\u00e1s de 400 d\u00f3lares.<\/p>\n<h3><strong>\u00bfUna estafa a la fe?<\/strong><\/h3>\n<p>Sin embargo, esta edici\u00f3n de lujo ha sido cuestionada por la Iglesia Cat\u00f3lica, que ha expresado su preocupaci\u00f3n por el uso indebido de los s\u00edmbolos sagrados y el respeto debido a la figura del beato Jos\u00e9 Gregorio Hern\u00e1ndez, cuya causa de canonizaci\u00f3n es un asunto de devoci\u00f3n y fe para la comunidad cat\u00f3lica venezolana.<\/p>\n<p>El Vicario Episcopal de la Arquidi\u00f3cesis de Caracas para la Santidad, Gerardino Barracchini, emiti\u00f3 una carta abierta el 21 de febrero de 2024, en la que aclara que la Vicepostulaci\u00f3n de la Causa del Beato Jos\u00e9 Gregorio Hern\u00e1ndez no tiene ninguna vinculaci\u00f3n con el libro de Donelli y Serrano, ni recibe ning\u00fan beneficio econ\u00f3mico del mismo. Adem\u00e1s, explica que las reliquias son elaboradas de manera gratuita y solo se otorgan previa solicitud formal, por lo que no se hace responsable de la supuesta reliquia que se incluye en la edici\u00f3n de lujo de \u00abGrego: camino de fe\u00bb.<\/p>\n<p><a href=\"https:\/\/www.ciudadgoticanews.com\/wp-content\/uploads\/2024\/03\/grego-carta-abierta_1.jpg\"><img loading=\"lazy\" decoding=\"async\" class=\"aligncenter size-full wp-image-7441\" src=\"https:\/\/www.ciudadgoticanews.com\/wp-content\/uploads\/2024\/03\/grego-carta-abierta_1.jpg\" alt=\"\" width=\"1200\" height=\"1200\" srcset=\"https:\/\/www.ciudadgoticanews.com\/wp-content\/uploads\/2024\/03\/grego-carta-abierta_1.jpg 1200w, https:\/\/www.ciudadgoticanews.com\/wp-content\/uploads\/2024\/03\/grego-carta-abierta_1-300x300.jpg 300w, https:\/\/www.ciudadgoticanews.com\/wp-content\/uploads\/2024\/03\/grego-carta-abierta_1-1024x1024.jpg 1024w, https:\/\/www.ciudadgoticanews.com\/wp-content\/uploads\/2024\/03\/grego-carta-abierta_1-150x150.jpg 150w, https:\/\/www.ciudadgoticanews.com\/wp-content\/uploads\/2024\/03\/grego-carta-abierta_1-768x768.jpg 768w\" sizes=\"auto, (max-width: 1200px) 100vw, 1200px\" \/><\/a><\/p>\n<p>Para algunos, la carta de Barracchini es una evidencia de c\u00f3mo Donelli y Serrano han intentado enga\u00f1ar a los fieles, aprovech\u00e1ndose de su fe y de su admiraci\u00f3n por el beato Jos\u00e9 Gregorio Hern\u00e1ndez, quien fue un ejemplo de sensibilidad humana y de preocupaci\u00f3n por los problemas socioecon\u00f3micos de sus pacientes y de todos los que necesitaban su ayuda. Por eso, se le conoce como \u00abel m\u00e9dico de los pobres\u00bb.<\/p>\n<h3><strong>Las verdaderas reliquias<\/strong><\/h3>\n<p>Despu\u00e9s de la ceremonia de beatificaci\u00f3n de Jos\u00e9 Gregorio Hern\u00e1ndez el 31 de abril de 2021, la Iglesia entreg\u00f3 a los arzobispos y obispos de Venezuela un grupo de reliquias de primer grado del beato, para su veneraci\u00f3n en las 40 sedes de arquidi\u00f3cesis y di\u00f3cesis de Venezuela, en los santuarios dedicados para el culto del beato.<\/p>\n<p>Estas reliquias consisten en peque\u00f1os fragmentos de la osamenta del doctor Jos\u00e9 Gregorio Hern\u00e1ndez, que se colocaron en unos relicarios elaborados por las hermanas de la congregaci\u00f3n Siervas de Dios y un grupo de laicas. Los relicarios se colocaron en unos porta-relicarios dise\u00f1ados por Mar\u00eda Teresa Aristiguieta y Matilde S\u00e1nchez, basados en elementos que identifican a Jos\u00e9 Gregorio Hern\u00e1ndez, como son: un microscopio, su sombrero, el denario y una aureola de santidad.<\/p>\n<figure id=\"attachment_7456\" aria-describedby=\"caption-attachment-7456\" style=\"width: 1200px\" class=\"wp-caption aligncenter\"><a href=\"https:\/\/www.ciudadgoticanews.com\/wp-content\/uploads\/2024\/03\/reliquias-jose-gregorio-hernandez_1.jpg\"><img loading=\"lazy\" decoding=\"async\" class=\"size-full wp-image-7456\" src=\"https:\/\/www.ciudadgoticanews.com\/wp-content\/uploads\/2024\/03\/reliquias-jose-gregorio-hernandez_1.jpg\" alt=\"\" width=\"1200\" height=\"1582\" srcset=\"https:\/\/www.ciudadgoticanews.com\/wp-content\/uploads\/2024\/03\/reliquias-jose-gregorio-hernandez_1.jpg 1200w, https:\/\/www.ciudadgoticanews.com\/wp-content\/uploads\/2024\/03\/reliquias-jose-gregorio-hernandez_1-228x300.jpg 228w, https:\/\/www.ciudadgoticanews.com\/wp-content\/uploads\/2024\/03\/reliquias-jose-gregorio-hernandez_1-777x1024.jpg 777w, https:\/\/www.ciudadgoticanews.com\/wp-content\/uploads\/2024\/03\/reliquias-jose-gregorio-hernandez_1-768x1012.jpg 768w, https:\/\/www.ciudadgoticanews.com\/wp-content\/uploads\/2024\/03\/reliquias-jose-gregorio-hernandez_1-1165x1536.jpg 1165w\" sizes=\"auto, (max-width: 1200px) 100vw, 1200px\" \/><\/a><figcaption id=\"caption-attachment-7456\" class=\"wp-caption-text\">Reliquias aut\u00e9nticas del beato Jos\u00e9 Gregorio Hern\u00e1ndez<\/figcaption><\/figure>\n<p>Es importante se\u00f1alar que las reliquias son los restos mortales de un santo o ciertos objetos que estuvieron en contacto con \u00e9l. Se clasifican en: de primer grado, que son fragmentos del cuerpo mismo del santo; de segundo grado, que son objetos o partes de las prendas de vestir o utensilios de uso com\u00fan del santo; y de tercer grado, que son objetos que han estado en contacto con reliquias de primer grado de los santos.<\/p>\n<p>Entre las reliquias de primer grado, adem\u00e1s de la Reliquia Magna que se encuentra en el Vaticano, est\u00e1n el dedo \u00edndice derecho que se destin\u00f3 a la Iglesia Catedral de Caracas, el dedo medio que se destin\u00f3 a la iglesia de Nuestra Se\u00f1ora de la Candelaria y fragmentos peque\u00f1os de la osamenta que se distribuyeron en las di\u00f3cesis y arquidi\u00f3cesis venezolanas, seg\u00fan explicase en un art\u00edculo la profesora Mar\u00eda Isabel Giacopini de Zambrano.<\/p>\n<h3><strong>Jos\u00e9 Gregorio Hern\u00e1ndez: el camino hacia la beatificaci\u00f3n y las reliquias<\/strong><\/h3>\n<p>El m\u00e9dico venezolano Jos\u00e9 Gregorio Hern\u00e1ndez fue elevado a los altares en el a\u00f1o 2021, tras una larga y fervorosa devoci\u00f3n popular que\u00a0 le sigue atribuyendo numerosos milagros. Su vida y su obra fueron un ejemplo de fe, caridad y ciencia, que le han valido el reconocimiento de la Iglesia y la admiraci\u00f3n de sus compatriotas.<\/p>\n<p>Jos\u00e9 Gregorio Hern\u00e1ndez se dedic\u00f3 a la medicina con pasi\u00f3n y vocaci\u00f3n, atendiendo a los m\u00e1s necesitados con generosidad y compasi\u00f3n. Su trato humano y cordial con los pacientes era una forma de transmitirles paz, alivio y consuelo.<\/p>\n<p>Su fe cat\u00f3lica le impuls\u00f3 a buscar la perfecci\u00f3n cristiana y a aspirar al sacerdocio, pero la voluntad de Dios le reservaba otro destino. Falleci\u00f3 en 1919, a los 54 a\u00f1os, tras ser atropellado por un autom\u00f3vil. Sus restos fueron sepultados en el Pante\u00f3n de su familia en el Cementerio General del Sur en Caracas, donde pronto comenz\u00f3 a manifestarse su fama de santidad.<\/p>\n<p>Desde el d\u00eda de su entierro, miles de personas acudieron a su tumba a rendirle homenaje, a rezar por su eterno descanso y a pedirle favores. Muchos le atribuyeron curaciones milagrosas y otros prodigios, que se multiplicaron con el paso del tiempo. Su tumba se convirti\u00f3 en un lugar de peregrinaci\u00f3n, donde se depositaban flores, estampas, placas de agradecimiento, r\u00e9cipes, ex\u00e1menes m\u00e9dicos y otros objetos.<\/p>\n<p>Ante el creciente n\u00famero de visitas y ofrendas, se hizo necesario trasladar sus restos a un lugar m\u00e1s adecuado y seguro. En 1939, se realiz\u00f3 la primera exhumaci\u00f3n y se llev\u00f3 su cuerpo a un pante\u00f3n cercano a la entrada del cementerio. Sin embargo, la devoci\u00f3n popular no ces\u00f3, y en 1975, se produjo un incendio en el pante\u00f3n, provocado por las velas encendidas.<\/p>\n<p>En ese mismo a\u00f1o, se realiz\u00f3 la segunda exhumaci\u00f3n, con la intervenci\u00f3n del clero, pues Jos\u00e9 Gregorio Hern\u00e1ndez ya hab\u00eda sido declarado Siervo de Dios por la Santa Sede, inici\u00e1ndose as\u00ed el proceso de beatificaci\u00f3n. Sus restos fueron trasladados a la Iglesia de Nuestra Se\u00f1ora de la Candelaria de Caracas, donde se sometieron a una revisi\u00f3n can\u00f3nica por parte de la Sagrada Congregaci\u00f3n de Ritos. Los doctores Carlos Travieso y Ferm\u00edn V\u00e9lez Boza, de la UCV, fueron los encargados de examinar el cuerpo y de certificar su identidad.<\/p>\n<p>Una vez concluida la revisi\u00f3n, se sell\u00f3 la urna y se coloc\u00f3 en una capilla lateral de la iglesia, donde se levant\u00f3 el acta correspondiente. All\u00ed permanecieron los restos hasta el 26 de octubre de 2020, cuando se realiz\u00f3 la tercera exhumaci\u00f3n, requisito exigido por la Santa Sede antes de la beatificaci\u00f3n. El objetivo era confirmar que los restos correspond\u00edan al doctor Jos\u00e9 Gregorio Hern\u00e1ndez, y que coincid\u00edan con el acta de 1975.<\/p>\n<figure id=\"attachment_7460\" aria-describedby=\"caption-attachment-7460\" style=\"width: 1200px\" class=\"wp-caption aligncenter\"><a href=\"https:\/\/www.ciudadgoticanews.com\/wp-content\/uploads\/2024\/03\/exhumacion-restos-jose-gregorio-hernandez_1.jpg\"><img loading=\"lazy\" decoding=\"async\" class=\"size-full wp-image-7460\" src=\"https:\/\/www.ciudadgoticanews.com\/wp-content\/uploads\/2024\/03\/exhumacion-restos-jose-gregorio-hernandez_1.jpg\" alt=\"\" width=\"1200\" height=\"1200\" srcset=\"https:\/\/www.ciudadgoticanews.com\/wp-content\/uploads\/2024\/03\/exhumacion-restos-jose-gregorio-hernandez_1.jpg 1200w, https:\/\/www.ciudadgoticanews.com\/wp-content\/uploads\/2024\/03\/exhumacion-restos-jose-gregorio-hernandez_1-300x300.jpg 300w, https:\/\/www.ciudadgoticanews.com\/wp-content\/uploads\/2024\/03\/exhumacion-restos-jose-gregorio-hernandez_1-1024x1024.jpg 1024w, https:\/\/www.ciudadgoticanews.com\/wp-content\/uploads\/2024\/03\/exhumacion-restos-jose-gregorio-hernandez_1-150x150.jpg 150w, https:\/\/www.ciudadgoticanews.com\/wp-content\/uploads\/2024\/03\/exhumacion-restos-jose-gregorio-hernandez_1-768x768.jpg 768w\" sizes=\"auto, (max-width: 1200px) 100vw, 1200px\" \/><\/a><figcaption id=\"caption-attachment-7460\" class=\"wp-caption-text\">Exhumaci\u00f3n de los restos de Jos\u00e9 Gregorio Hern\u00e1ndez, el 26 de octubre de 2020, en la Iglesia de Nuestra Se\u00f1ora de la Candelaria, en Caracas, con presencia del Cardenal Baltazar Porras y un grupo de expertos.<\/figcaption><\/figure>\n<p>Para esta tarea, se conform\u00f3 un equipo de m\u00e9dicos pat\u00f3logos, odont\u00f3logos y forenses, coordinado por el doctor Henrique L\u00f3pez Loyo, presidente de la Academia Nacional de Medicina y especialista en Anatom\u00eda Patol\u00f3gica, egresado del Instituto Anatomopatol\u00f3gico de la Universidad Central de Venezuela (UCV). Junto con el tribunal eclesi\u00e1stico, reconocieron y autenticaron que los restos exhumados pertenec\u00edan al Beato Jos\u00e9 Gregorio Hern\u00e1ndez. Adem\u00e1s, verificaron que hab\u00eda una sincron\u00eda total entre los restos exhumados en 1939, 1975 y 2020.<\/p>\n<p>Cumplidos estos requisitos, la comisi\u00f3n m\u00e9dica, de acuerdo con el vicepostulador de la causa, monse\u00f1or Tulio Ram\u00edrez Padilla, y el Cardenal Baltazar Porras, procedi\u00f3 a extraer parte de los restos \u00f3seos del m\u00e9dico venezolano, con mayor posibilidad de duraci\u00f3n, para la elaboraci\u00f3n de las reliquias. Estas ser\u00edan veneradas por sus devotos en las diferentes di\u00f3cesis de Venezuela y del mundo.<\/p>\n<p>El fot\u00f3grafo Mauricio Donelli revel\u00f3 en una entrevista que el m\u00e9dico forense que coordin\u00f3 el equip\u00f3 encargado de la exhumaci\u00f3n de los restos de Jos\u00e9 Gregorio Hern\u00e1ndez en 2020, quien lo invit\u00f3 a ingresar al \u00e1rea donde se realiz\u00f3 esa tarea, es originario de su misma localidad, habiendo fotografiado a una hija suya con anterioridad. Donelli tambi\u00e9n mencion\u00f3 que fue contactado previamente por su amiga Karina Vall\u00e9s, de la funeraria Vall\u00e9s, responsables de la log\u00edstica de la exhumaci\u00f3n, para documentar el proceso fotogr\u00e1ficamente. Adem\u00e1s, el fot\u00f3grafo confes\u00f3 haber conocido al actor S\u00f3crates Serrano el a\u00f1o anterior a la pandemia, durante la representaci\u00f3n del mon\u00f3logo \u00abGregory, canal de fe\u00bb.<\/p>\n<h3><strong>Edici\u00f3n de lujo con falsa reliquia<\/strong><\/h3>\n<figure id=\"attachment_7449\" aria-describedby=\"caption-attachment-7449\" style=\"width: 1200px\" class=\"wp-caption aligncenter\"><a href=\"https:\/\/www.ciudadgoticanews.com\/wp-content\/uploads\/2024\/03\/Mauricio-Donelli-Socrates-Serrano2_1.jpg\"><img loading=\"lazy\" decoding=\"async\" class=\"size-full wp-image-7449\" src=\"https:\/\/www.ciudadgoticanews.com\/wp-content\/uploads\/2024\/03\/Mauricio-Donelli-Socrates-Serrano2_1.jpg\" alt=\"\" width=\"1200\" height=\"676\" srcset=\"https:\/\/www.ciudadgoticanews.com\/wp-content\/uploads\/2024\/03\/Mauricio-Donelli-Socrates-Serrano2_1.jpg 1200w, https:\/\/www.ciudadgoticanews.com\/wp-content\/uploads\/2024\/03\/Mauricio-Donelli-Socrates-Serrano2_1-300x169.jpg 300w, https:\/\/www.ciudadgoticanews.com\/wp-content\/uploads\/2024\/03\/Mauricio-Donelli-Socrates-Serrano2_1-1024x577.jpg 1024w, https:\/\/www.ciudadgoticanews.com\/wp-content\/uploads\/2024\/03\/Mauricio-Donelli-Socrates-Serrano2_1-768x433.jpg 768w\" sizes=\"auto, (max-width: 1200px) 100vw, 1200px\" \/><\/a><figcaption id=\"caption-attachment-7449\" class=\"wp-caption-text\">Mauricio Donelli y S\u00f3crates Serrano<\/figcaption><\/figure>\n<p>El pasado 21 de febrero de 2023, cuando la Arquidi\u00f3cesis de Caracas emiti\u00f3 el comunicado en el que desautorizaba el libro \u00abGrego: camino de fe\u00bb, escrito por el fot\u00f3grafo Mauricio Ernesto\u00a0Donelli Paolini y su supuesta pareja sentimental y art\u00edstica, el actor S\u00f3crates Serrano, lo hizo, entre otras cosas, porque el libro, que contiene fotograf\u00edas de Serrano caracterizado como el beato Jos\u00e9 Gregorio Hern\u00e1ndez en distintos lugares del mundo, incluye en su edici\u00f3n de lujo una supuesta reliquia del m\u00e9dico de los pobres, que seg\u00fan los autores, es\u00a0 tierra de su sepulcro.<\/p>\n<figure id=\"attachment_7458\" aria-describedby=\"caption-attachment-7458\" style=\"width: 1200px\" class=\"wp-caption aligncenter\"><a href=\"https:\/\/www.ciudadgoticanews.com\/wp-content\/uploads\/2024\/03\/Socrates-Serrano-Jose-Gregorio-Hernandez_1.jpg\"><img loading=\"lazy\" decoding=\"async\" class=\"size-full wp-image-7458\" src=\"https:\/\/www.ciudadgoticanews.com\/wp-content\/uploads\/2024\/03\/Socrates-Serrano-Jose-Gregorio-Hernandez_1.jpg\" alt=\"\" width=\"1200\" height=\"1232\" srcset=\"https:\/\/www.ciudadgoticanews.com\/wp-content\/uploads\/2024\/03\/Socrates-Serrano-Jose-Gregorio-Hernandez_1.jpg 1200w, https:\/\/www.ciudadgoticanews.com\/wp-content\/uploads\/2024\/03\/Socrates-Serrano-Jose-Gregorio-Hernandez_1-292x300.jpg 292w, https:\/\/www.ciudadgoticanews.com\/wp-content\/uploads\/2024\/03\/Socrates-Serrano-Jose-Gregorio-Hernandez_1-997x1024.jpg 997w, https:\/\/www.ciudadgoticanews.com\/wp-content\/uploads\/2024\/03\/Socrates-Serrano-Jose-Gregorio-Hernandez_1-768x788.jpg 768w\" sizes=\"auto, (max-width: 1200px) 100vw, 1200px\" \/><\/a><figcaption id=\"caption-attachment-7458\" class=\"wp-caption-text\">S\u00f3crates Serrano caracterizando al beato Jos\u00e9 Gregorio Hern\u00e1ndez<\/figcaption><\/figure>\n<p>La Iglesia venezolana ha advertido que se trata de una reliquia falsa y que los autores del libro no contaron con el permiso ni la colaboraci\u00f3n de la Vicepostulaci\u00f3n de la Causa del Beato Jos\u00e9 Gregorio Hern\u00e1ndez, el organismo encargado de promover su canonizaci\u00f3n.<\/p>\n<p>El libro es vendido en tres versiones, \u00a0una econ\u00f3mica, que tiene un costo de entre 400 y $500, otra intermedia, cuyo costo ronda los $900 y una edici\u00f3n de lujo, de alrededor de $3000. La obra fotoimpresa ha sido presentada en exclusivos restaurantes de Caracas, con la participaci\u00f3n de personalidades del \u00e1mbito social y art\u00edstico, como las comunicadoras Valentina Quintero y \u00c1ngela Oraa, entre otros.<\/p>\n<div id='gallery-1' class='gallery galleryid-7430 gallery-columns-1 gallery-size-full'><figure class='gallery-item'>\n\t\t\t<div class='gallery-icon landscape'>\n\t\t\t\t<a href='https:\/\/www.ciudadgoticanews.com\/wp-content\/uploads\/2024\/03\/Mauricio-Donelli-Valentina-Quintero-y-Socrates-Serrano_1.jpg'><img loading=\"lazy\" decoding=\"async\" width=\"1200\" height=\"714\" src=\"https:\/\/www.ciudadgoticanews.com\/wp-content\/uploads\/2024\/03\/Mauricio-Donelli-Valentina-Quintero-y-Socrates-Serrano_1.jpg\" class=\"attachment-full size-full\" alt=\"\" aria-describedby=\"gallery-1-7468\" srcset=\"https:\/\/www.ciudadgoticanews.com\/wp-content\/uploads\/2024\/03\/Mauricio-Donelli-Valentina-Quintero-y-Socrates-Serrano_1.jpg 1200w, https:\/\/www.ciudadgoticanews.com\/wp-content\/uploads\/2024\/03\/Mauricio-Donelli-Valentina-Quintero-y-Socrates-Serrano_1-300x179.jpg 300w, https:\/\/www.ciudadgoticanews.com\/wp-content\/uploads\/2024\/03\/Mauricio-Donelli-Valentina-Quintero-y-Socrates-Serrano_1-1024x609.jpg 1024w, https:\/\/www.ciudadgoticanews.com\/wp-content\/uploads\/2024\/03\/Mauricio-Donelli-Valentina-Quintero-y-Socrates-Serrano_1-768x457.jpg 768w\" sizes=\"auto, (max-width: 1200px) 100vw, 1200px\" \/><\/a>\n\t\t\t<\/div>\n\t\t\t\t<figcaption class='wp-caption-text gallery-caption' id='gallery-1-7468'>\n\t\t\t\tMauricio Donelli, Valentina Quintero y S\u00f3crates Serrano.\n\t\t\t\t<\/figcaption><\/figure><figure class='gallery-item'>\n\t\t\t<div class='gallery-icon portrait'>\n\t\t\t\t<a href='https:\/\/www.ciudadgoticanews.com\/wp-content\/uploads\/2024\/03\/valentina-quintero-grego_1-scaled.jpg'><img loading=\"lazy\" decoding=\"async\" width=\"1072\" height=\"2560\" src=\"https:\/\/www.ciudadgoticanews.com\/wp-content\/uploads\/2024\/03\/valentina-quintero-grego_1-scaled.jpg\" class=\"attachment-full size-full\" alt=\"\" srcset=\"https:\/\/www.ciudadgoticanews.com\/wp-content\/uploads\/2024\/03\/valentina-quintero-grego_1-scaled.jpg 1072w, https:\/\/www.ciudadgoticanews.com\/wp-content\/uploads\/2024\/03\/valentina-quintero-grego_1-126x300.jpg 126w, https:\/\/www.ciudadgoticanews.com\/wp-content\/uploads\/2024\/03\/valentina-quintero-grego_1-429x1024.jpg 429w, https:\/\/www.ciudadgoticanews.com\/wp-content\/uploads\/2024\/03\/valentina-quintero-grego_1-768x1835.jpg 768w, https:\/\/www.ciudadgoticanews.com\/wp-content\/uploads\/2024\/03\/valentina-quintero-grego_1-643x1536.jpg 643w, https:\/\/www.ciudadgoticanews.com\/wp-content\/uploads\/2024\/03\/valentina-quintero-grego_1-857x2048.jpg 857w\" sizes=\"auto, (max-width: 1072px) 100vw, 1072px\" \/><\/a>\n\t\t\t<\/div><\/figure>\n\t\t<\/div>\n\n<p>En el coraz\u00f3n de Caracas, espec\u00edficamente en el Centro Comercial Paseo Las Mercedes, se llev\u00f3 a cabo el lanzamiento del libro \u00abGrego: camino de fe\u00bb, el pasado 1 de febrero de 2024. Este centro cultural, erigido por la recordada Bel\u00e9n Clarisa Velutini, sirvi\u00f3 de escenario para la presentaci\u00f3n de esta obra literaria, que ha despertado tanto inter\u00e9s como controversia en la capital venezolana. Previamente, quintero hab\u00eda participado en una presentaci\u00f3n del libro en la isla de Margarita.<\/p>\n<div style=\"left: 0; width: 100%; height: 0; position: relative; padding-bottom: 56.0081%;\"><iframe style=\"top: 0; left: 0; width: 100%; height: 100%; position: absolute; border: 0;\" src=\"https:\/\/ok.ru\/videoembed\/6644580223489\" scrolling=\"no\" allowfullscreen=\"allowfullscreen\"><\/iframe><\/div>\n<p>&nbsp;<\/p>\n<p>Valentina Quintero estuvo a cargo de presentar en Caracas la obra fotoimpresa, recomendada tambi\u00e9n por \u00c1ngela Oraa. Sin embargo, la participaci\u00f3n activa de ambas comunicadoras en la promoci\u00f3n de la obra ha suscitado cr\u00edticas en la ciudad, debido a las pol\u00e9micas que rodean su contenido impreso.<\/p>\n<div style=\"left: 0; width: 100%; height: 0; position: relative; padding-bottom: 56.0081%;\"><iframe style=\"top: 0; left: 0; width: 100%; height: 100%; position: absolute; border: 0;\" src=\"https:\/\/ok.ru\/videoembed\/6644528974337\" scrolling=\"no\" allowfullscreen=\"allowfullscreen\"><\/iframe><\/div>\n<p style=\"text-align: center;\"><strong>Valentina Quintero y sus autores durante la presentaci\u00f3n del criticado libro \u00abGrego: camino de fe\u00bb en el centro Trasnocho Cultural, en Caracas<\/strong><\/p>\n<p>Seg\u00fan una fuente cercana a la jerarqu\u00eda eclesi\u00e1stica venezolana, Mauricio Donelli aprovech\u00f3 su participaci\u00f3n como colaborador en el proceso de exhumaci\u00f3n e inhumaci\u00f3n de los restos de Jos\u00e9 Gregorio Hern\u00e1ndez, que tuvieron lugar en el a\u00f1o 2020, en plena pandemia de COVID-19, para obtener material fotogr\u00e1fico exclusivo sobre el proceso de beatificaci\u00f3n, que luego us\u00f3 sin autorizaci\u00f3n para editar parte de su libro.<\/p>\n<p>Donelli, conocido por su trabajo como fot\u00f3grafo de eventos sociales, se embarc\u00f3 en un proyecto junto a su supuesta pareja, el actor S\u00f3crates Serrano, para rendir homenaje al beato venezolano. Serrano, que en 2019 hab\u00eda estrenado un mon\u00f3logo titulado \u00abGregory, canal de fe\u00bb, en el que relataba su experiencia de superar un c\u00e1ncer de colon gracias a la intercesi\u00f3n de Jos\u00e9 Gregorio Hern\u00e1ndez, se convirti\u00f3 en el protagonista de las fotograf\u00edas que componen el libro.<\/p>\n<p>Mientras que Donelli, por su parte, ha asegurado haber vivido una milagrosa recuperaci\u00f3n, luego de haber sufrido un accidente automovil\u00edstico a la edad de veinte a\u00f1os y haber estado en coma durante ocho d\u00edas, para lograr su restablecimiento luego de varios meses recluido en una cl\u00ednica. El fot\u00f3grafo tambi\u00e9n ha atribuido a la intercesi\u00f3n del beato, la recuperaci\u00f3n de su madre de un c\u00e1ncer que ella padec\u00eda.<\/p>\n<figure id=\"attachment_7443\" aria-describedby=\"caption-attachment-7443\" style=\"width: 1200px\" class=\"wp-caption alignnone\"><a href=\"https:\/\/www.ciudadgoticanews.com\/wp-content\/uploads\/2024\/03\/socrates-serrano-mauricio-donelli_1.jpg\"><img loading=\"lazy\" decoding=\"async\" class=\"wp-image-7443 size-full\" src=\"https:\/\/www.ciudadgoticanews.com\/wp-content\/uploads\/2024\/03\/socrates-serrano-mauricio-donelli_1.jpg\" alt=\"\" width=\"1200\" height=\"1500\" srcset=\"https:\/\/www.ciudadgoticanews.com\/wp-content\/uploads\/2024\/03\/socrates-serrano-mauricio-donelli_1.jpg 1200w, https:\/\/www.ciudadgoticanews.com\/wp-content\/uploads\/2024\/03\/socrates-serrano-mauricio-donelli_1-240x300.jpg 240w, https:\/\/www.ciudadgoticanews.com\/wp-content\/uploads\/2024\/03\/socrates-serrano-mauricio-donelli_1-819x1024.jpg 819w, https:\/\/www.ciudadgoticanews.com\/wp-content\/uploads\/2024\/03\/socrates-serrano-mauricio-donelli_1-768x960.jpg 768w\" sizes=\"auto, (max-width: 1200px) 100vw, 1200px\" \/><\/a><figcaption id=\"caption-attachment-7443\" class=\"wp-caption-text\">Mauricio Donelli y S\u00f3crates Serrano<\/figcaption><\/figure>\n<p>Para ello, ambos viajaron por el mundo, visitando los lugares que frecuent\u00f3 el beato, como Madrid, Roma, Alemania y Nueva York, as\u00ed como los parques nacionales Los Roques y Canaima en Venezuela. Los viajes fueron financiados por donaciones de personas adineradas, a las que luego les ofrecieron el libro como recompensa.<\/p>\n<div style=\"left: 0; width: 100%; height: 0; position: relative; padding-bottom: 56.0081%;\"><iframe style=\"top: 0; left: 0; width: 100%; height: 100%; position: absolute; border: 0;\" src=\"https:\/\/ok.ru\/videoembed\/6644592151041\" scrolling=\"no\" allowfullscreen=\"allowfullscreen\"><\/iframe><\/div>\n<p style=\"text-align: center;\"><strong>Presentaci\u00f3n del libro \u00abGrego: camino de fe\u00bb, en un restaurante en Caracas<\/strong><\/p>\n<p>El libro, que pretende ser un recorrido fotogr\u00e1fico por la vida y la obra de Jos\u00e9 Gregorio Hern\u00e1ndez, se ha convertido en un negocio lucrativo para sus autores, que han vendido los ejemplares a precios exorbitantes, aprovech\u00e1ndose de la devoci\u00f3n popular y de la ignorancia de los compradores, que desconoc\u00edan la falsedad de la reliquia incluida en una de las ediciones.<\/p>\n<p>Algunos cr\u00edticos arguyen que el retrato de un Jos\u00e9 Gregorio Hern\u00e1ndez ficticio emerge de las p\u00e1ginas del libro, observado desde la perspectiva de sus autores, sin enraizarse en la autenticidad hist\u00f3rica de los sucesos en torno al venerable. Sostienen que muchas de las escenas capturadas en el libro carecen de conexi\u00f3n con la vida del beato o con el contexto y la \u00e9poca en la que vivi\u00f3, lo que sugiere que la representaci\u00f3n buscada en el texto es m\u00e1s est\u00e9tica que devota. Considerando el alto costo de las diversas ediciones de la obra, algunos plantean que podr\u00eda m\u00e1s bien constituir un lujo para aquellos que pueden permit\u00edrselo, en lugar de ser un aut\u00e9ntico testimonio de fe.<\/p>\n<p>Tras el comunicado de la Arquidi\u00f3cesis de Caracas, muchos de los que hab\u00edan adquirido el libro se sintieron estafados y optaron por devolverlo. Algunos han opinado que el libro era una burla a la fe y a la memoria de Jos\u00e9 Gregorio Hern\u00e1ndez, y que sus autores hab\u00edan actuado con mala fe y codicia.<\/p>\n<p>Incluso el Cardenal Baltazar Porras, que ha apoyado los procesos de beatificaci\u00f3n y canonizaci\u00f3n, adem\u00e1s de ser el \u00fanico autorizado para conceder las reliquias, se ha distanciado de los autores, neg\u00e1ndose a recibirlos despu\u00e9s del esc\u00e1ndalo. Por su parte, S\u00f3crates Serrano, en una entrevista con el periodista Antonio Vasco, admiti\u00f3 que el libro no era para todo el mundo, por su alto costo, y anunci\u00f3 que har\u00eda unos p\u00f3dcast para que la gente humilde pudiera conocer su experiencia en sus viajes, de turismo religioso, junto a Mauricio Donelli.<\/p>\n<figure id=\"attachment_7462\" aria-describedby=\"caption-attachment-7462\" style=\"width: 1200px\" class=\"wp-caption aligncenter\"><a href=\"https:\/\/www.ciudadgoticanews.com\/wp-content\/uploads\/2024\/03\/Baltazar-Porras-Reliquia_1.jpg\"><img loading=\"lazy\" decoding=\"async\" class=\"size-full wp-image-7462\" src=\"https:\/\/www.ciudadgoticanews.com\/wp-content\/uploads\/2024\/03\/Baltazar-Porras-Reliquia_1.jpg\" alt=\"\" width=\"1200\" height=\"805\" srcset=\"https:\/\/www.ciudadgoticanews.com\/wp-content\/uploads\/2024\/03\/Baltazar-Porras-Reliquia_1.jpg 1200w, https:\/\/www.ciudadgoticanews.com\/wp-content\/uploads\/2024\/03\/Baltazar-Porras-Reliquia_1-300x201.jpg 300w, https:\/\/www.ciudadgoticanews.com\/wp-content\/uploads\/2024\/03\/Baltazar-Porras-Reliquia_1-1024x687.jpg 1024w, https:\/\/www.ciudadgoticanews.com\/wp-content\/uploads\/2024\/03\/Baltazar-Porras-Reliquia_1-768x515.jpg 768w\" sizes=\"auto, (max-width: 1200px) 100vw, 1200px\" \/><\/a><figcaption id=\"caption-attachment-7462\" class=\"wp-caption-text\">El Cardenal Baltazar Porras sostiene reliquia de Jos\u00e9 Gregorio Hern\u00e1ndez<\/figcaption><\/figure>\n<p>Seg\u00fan fuentes del mundo art\u00edstico caraque\u00f1o, Donelli y Serrano mantendr\u00edan una relaci\u00f3n sentimental desde hace pocos a\u00f1os, cuando Donelli supuestamente se separ\u00f3 de su esposa, Marisol Iturbe, junto a quien al menos hasta mediados del a\u00f1o 2021, el fot\u00f3grafo se dejaba ver en p\u00fablico en Caracas, como sucedi\u00f3 en el mes de agosto de ese a\u00f1o, cuando Donelli, el actor S\u00f3crates Serrano y Miguel Issa presentaron el fotolibro \u00abHilos de fe\u00bb, con el prop\u00f3sito supuestamente de recaudar fondos para la Unidad de Cuidados Intensivos de Covid-19 del Hospital Jos\u00e9 Mar\u00eda Vargas de Caracas.\u00a0No obstante, la fuentes tambi\u00e9n sostienen que Donelli estar\u00eda muy enamorado de Serrano y le satisfacer\u00eda todos sus caprichos.<\/p>\n<p>Sin embargo, se sabe que Serrano mantiene una relaci\u00f3n con otro hombre de nombre Jorge Luis Katouch, con el que se ha mostrado cari\u00f1oso en redes sociales, como sucedi\u00f3 el d\u00eda de su cumplea\u00f1os, a mediados de 2023, cuando el actor decidi\u00f3 salir del closet, con una dedicatoria a Katouch. Posteriormente, en octubre de 2023 Katouch respondi\u00f3 el gesto del actor con otra dedicatoria.<\/p>\n<div id='gallery-2' class='gallery galleryid-7430 gallery-columns-1 gallery-size-full'><figure class='gallery-item'>\n\t\t\t<div class='gallery-icon portrait'>\n\t\t\t\t<a href='https:\/\/www.ciudadgoticanews.com\/wp-content\/uploads\/2024\/03\/Socrates-Serrano-Jorge-Luis-Katouch-1_1.jpg'><img loading=\"lazy\" decoding=\"async\" width=\"1200\" height=\"2475\" src=\"https:\/\/www.ciudadgoticanews.com\/wp-content\/uploads\/2024\/03\/Socrates-Serrano-Jorge-Luis-Katouch-1_1.jpg\" class=\"attachment-full size-full\" alt=\"\" aria-describedby=\"gallery-2-7432\" srcset=\"https:\/\/www.ciudadgoticanews.com\/wp-content\/uploads\/2024\/03\/Socrates-Serrano-Jorge-Luis-Katouch-1_1.jpg 1200w, https:\/\/www.ciudadgoticanews.com\/wp-content\/uploads\/2024\/03\/Socrates-Serrano-Jorge-Luis-Katouch-1_1-145x300.jpg 145w, https:\/\/www.ciudadgoticanews.com\/wp-content\/uploads\/2024\/03\/Socrates-Serrano-Jorge-Luis-Katouch-1_1-496x1024.jpg 496w, https:\/\/www.ciudadgoticanews.com\/wp-content\/uploads\/2024\/03\/Socrates-Serrano-Jorge-Luis-Katouch-1_1-768x1584.jpg 768w, https:\/\/www.ciudadgoticanews.com\/wp-content\/uploads\/2024\/03\/Socrates-Serrano-Jorge-Luis-Katouch-1_1-745x1536.jpg 745w, https:\/\/www.ciudadgoticanews.com\/wp-content\/uploads\/2024\/03\/Socrates-Serrano-Jorge-Luis-Katouch-1_1-993x2048.jpg 993w\" sizes=\"auto, (max-width: 1200px) 100vw, 1200px\" \/><\/a>\n\t\t\t<\/div>\n\t\t\t\t<figcaption class='wp-caption-text gallery-caption' id='gallery-2-7432'>\n\t\t\t\tS\u00f3crates Serrano y su pareja, Jorge Luis Katouch\n\t\t\t\t<\/figcaption><\/figure><figure class='gallery-item'>\n\t\t\t<div class='gallery-icon portrait'>\n\t\t\t\t<a href='https:\/\/www.ciudadgoticanews.com\/wp-content\/uploads\/2024\/03\/Socrates-Serrano-Jorge-Luis-Katouch-2_2-scaled.jpg'><img loading=\"lazy\" decoding=\"async\" width=\"1008\" height=\"2560\" src=\"https:\/\/www.ciudadgoticanews.com\/wp-content\/uploads\/2024\/03\/Socrates-Serrano-Jorge-Luis-Katouch-2_2-scaled.jpg\" class=\"attachment-full size-full\" alt=\"\" aria-describedby=\"gallery-2-7433\" srcset=\"https:\/\/www.ciudadgoticanews.com\/wp-content\/uploads\/2024\/03\/Socrates-Serrano-Jorge-Luis-Katouch-2_2-scaled.jpg 1008w, https:\/\/www.ciudadgoticanews.com\/wp-content\/uploads\/2024\/03\/Socrates-Serrano-Jorge-Luis-Katouch-2_2-118x300.jpg 118w, https:\/\/www.ciudadgoticanews.com\/wp-content\/uploads\/2024\/03\/Socrates-Serrano-Jorge-Luis-Katouch-2_2-403x1024.jpg 403w, https:\/\/www.ciudadgoticanews.com\/wp-content\/uploads\/2024\/03\/Socrates-Serrano-Jorge-Luis-Katouch-2_2-768x1951.jpg 768w, https:\/\/www.ciudadgoticanews.com\/wp-content\/uploads\/2024\/03\/Socrates-Serrano-Jorge-Luis-Katouch-2_2-605x1536.jpg 605w, https:\/\/www.ciudadgoticanews.com\/wp-content\/uploads\/2024\/03\/Socrates-Serrano-Jorge-Luis-Katouch-2_2-806x2048.jpg 806w\" sizes=\"auto, (max-width: 1008px) 100vw, 1008px\" \/><\/a>\n\t\t\t<\/div>\n\t\t\t\t<figcaption class='wp-caption-text gallery-caption' id='gallery-2-7433'>\n\t\t\t\tJorge Luis Katouch y S\u00f3crates Serrano\n\t\t\t\t<\/figcaption><\/figure>\n\t\t<\/div>\n\n<h3>Autores se disculpan tras la pol\u00e9mica<\/h3>\n<p>En medio de la controversia suscitada por el elevado precio del libro \u00abGrego: camino de fe\u00bb y las acusaciones de incluir reliquias del Beato Jos\u00e9 Gregorio Hern\u00e1ndez sin autorizaci\u00f3n, los autores de la obra, el actor S\u00f3crates Serrano y el fot\u00f3grafo Mauricio Donelli, rompieron el silencio para ofrecer su versi\u00f3n de los hechos. A trav\u00e9s de un comunicado grabado y difundido en sus redes sociales, ambos buscaron aclarar la situaci\u00f3n y expresar sus m\u00e1s sinceras disculpas por lo que calificaron como \u00abuna falta involuntaria\u00bb.<\/p>\n<figure id=\"attachment_7451\" aria-describedby=\"caption-attachment-7451\" style=\"width: 1200px\" class=\"wp-caption aligncenter\"><a href=\"https:\/\/www.ciudadgoticanews.com\/wp-content\/uploads\/2024\/03\/Socrates-Serrano-Mauricio-Donelli-3_1.jpg\"><img loading=\"lazy\" decoding=\"async\" class=\"size-full wp-image-7451\" src=\"https:\/\/www.ciudadgoticanews.com\/wp-content\/uploads\/2024\/03\/Socrates-Serrano-Mauricio-Donelli-3_1.jpg\" alt=\"\" width=\"1200\" height=\"1410\" srcset=\"https:\/\/www.ciudadgoticanews.com\/wp-content\/uploads\/2024\/03\/Socrates-Serrano-Mauricio-Donelli-3_1.jpg 1200w, https:\/\/www.ciudadgoticanews.com\/wp-content\/uploads\/2024\/03\/Socrates-Serrano-Mauricio-Donelli-3_1-255x300.jpg 255w, https:\/\/www.ciudadgoticanews.com\/wp-content\/uploads\/2024\/03\/Socrates-Serrano-Mauricio-Donelli-3_1-871x1024.jpg 871w, https:\/\/www.ciudadgoticanews.com\/wp-content\/uploads\/2024\/03\/Socrates-Serrano-Mauricio-Donelli-3_1-768x902.jpg 768w\" sizes=\"auto, (max-width: 1200px) 100vw, 1200px\" \/><\/a><figcaption id=\"caption-attachment-7451\" class=\"wp-caption-text\">S\u00f3crates Serrano y Mauricio Donelli<\/figcaption><\/figure>\n<p>Serrano y Donelli aseguraron que el libro fue concebido como un tributo al Beato Jos\u00e9 Gregorio Hern\u00e1ndez, a quien el actor le atribuye la curaci\u00f3n del c\u00e1ncer que padeci\u00f3 en el pasado. \u00abEsta historia que vamos a compartir hoy es el reflejo de nuestra absoluta responsabilidad con nuestra intenci\u00f3n indiscutible de venerar y homenajear a Jos\u00e9 Gregorio Hern\u00e1ndez a trav\u00e9s del arte y con esta pieza que tiene su origen en la esperanza, en la fe, y en el agradecimiento a nuestro Beato, por haber intercedido en la vida de ambos, en momentos dif\u00edciles\u00bb, expresaron en el comunicado.<\/p>\n<p>Los autores enfatizaron su respeto tanto por los devotos del \u00abSiervo de Dios\u00bb como por las autoridades eclesi\u00e1sticas que impulsan su causa de beatificaci\u00f3n. En este sentido, ofrecieron sus disculpas por haber cometido lo que consideran una falta involuntaria que no pretend\u00eda ofender a ninguna instituci\u00f3n o persona.<\/p>\n<p>Mauricio Donelli, quien fue el fot\u00f3grafo encargado para documentar la exhumaci\u00f3n de los restos de Jos\u00e9 Gregorio Hern\u00e1ndez, explic\u00f3 que durante ese evento recibi\u00f3 como ofrenda una peque\u00f1a porci\u00f3n de tierra del sepulcro, la cual representaba \u00abagradecimiento, fe, amor y esperanza\u00bb. Seg\u00fan los autores, la inclusi\u00f3n de esta tierra en algunos ejemplares de la edici\u00f3n especial del libro fue realizada con la intenci\u00f3n de compartir esa ofrenda con quienes ya hab\u00edan precomprado la obra, y no con el prop\u00f3sito de impulsar su comercializaci\u00f3n, como algunos han se\u00f1alado.<\/p>\n<p>Serrano y Donelli manifestaron su voluntad de subsanar la situaci\u00f3n ante el Vicepostulador de la causa del Beato Jos\u00e9 Gregorio Hern\u00e1ndez o cualquier otra persona que se haya sentido ofendida por sus acciones. Asimismo, destacaron que \u00abGrego, camino de fe\u00bb es una muestra tangible de la huella imborrable que ha dejado el Beato en sus vidas y una prueba de amor y esperanza que esperan sea valorada por todos aquellos que tengan la oportunidad de apreciarla.<\/p>\n<p>A pesar de las disculpas ofrecidas, la pol\u00e9mica en torno al libro y la inclusi\u00f3n no autorizada de reliquias del Beato Jos\u00e9 Gregorio Hern\u00e1ndez ha generado un intenso debate en la sociedad venezolana, poniendo en tela de juicio la \u00e9tica y la responsabilidad de los autores en su af\u00e1n por rendir homenaje a una figura tan venerada y querida por el pueblo.<\/p>\n<h2><strong>Otra pol\u00e9mica m\u00e1s musical<\/strong><\/h2>\n<p>Pero la del libro no es la \u00fanica pol\u00e9mica en la que se ha visto envuelto el fot\u00f3grafo Mauricio Donelli, quien, seg\u00fan algunos de sus cr\u00edticos, ha demostrado tener poca \u00e9tica y escr\u00fapulos a la hora de explotar la fe de los venezolanos.<\/p>\n<p>La vida del beato Jos\u00e9 Gregorio Hern\u00e1ndez, venerado por millones de venezolanos, estar\u00eda por ser llevada al teatro en una obra que ha generado controversia y suspicacia. Se trata de \u00abJos\u00e9 Gregorio Hern\u00e1ndez, El Musical\u00bb, en cuyos preparativos, Mauricio Donelli ha participado como fot\u00f3grafo.<\/p>\n<p><a href=\"https:\/\/www.ciudadgoticanews.com\/wp-content\/uploads\/2024\/03\/hugo-hernandez-chacon-5_1.jpg\"><img loading=\"lazy\" decoding=\"async\" class=\"aligncenter size-full wp-image-7243\" src=\"https:\/\/www.ciudadgoticanews.com\/wp-content\/uploads\/2024\/03\/hugo-hernandez-chacon-5_1.jpg\" alt=\"\" width=\"1200\" height=\"1500\" srcset=\"https:\/\/www.ciudadgoticanews.com\/wp-content\/uploads\/2024\/03\/hugo-hernandez-chacon-5_1.jpg 1200w, https:\/\/www.ciudadgoticanews.com\/wp-content\/uploads\/2024\/03\/hugo-hernandez-chacon-5_1-240x300.jpg 240w, https:\/\/www.ciudadgoticanews.com\/wp-content\/uploads\/2024\/03\/hugo-hernandez-chacon-5_1-819x1024.jpg 819w, https:\/\/www.ciudadgoticanews.com\/wp-content\/uploads\/2024\/03\/hugo-hernandez-chacon-5_1-768x960.jpg 768w\" sizes=\"auto, (max-width: 1200px) 100vw, 1200px\" \/><\/a><\/p>\n<p>La obra, dirigida por David Chac\u00f3n P\u00e9rez, hermano de la diputada oficialista Gabriela Chac\u00f3n P\u00e9rez, esposa del alcalde chavista del municipio Sucre del estado Miranda, Jos\u00e9 Vicente Rangel \u00c1valos, lleva m\u00e1s de un a\u00f1o en preparaci\u00f3n, pero a\u00fan no ha visto la luz. Aunque se anunci\u00f3 su estreno para el a\u00f1o 2023, en diversos escenarios como el Centro Cultural Chacao, el Nivel Espacio del Centro Comercial L\u00edder y el Teatro Teresa Carre\u00f1o, la obra sigue en ensayos y ha perdido a varios de sus actores, que han preferido buscar otras oportunidades profesionales.<\/p>\n<figure id=\"attachment_7288\" aria-describedby=\"caption-attachment-7288\" style=\"width: 1200px\" class=\"wp-caption aligncenter\"><a href=\"https:\/\/www.ciudadgoticanews.com\/wp-content\/uploads\/2024\/03\/Mauricio-Donelli-David-Chacon_1.jpg\"><img loading=\"lazy\" decoding=\"async\" class=\"size-full wp-image-7288\" src=\"https:\/\/www.ciudadgoticanews.com\/wp-content\/uploads\/2024\/03\/Mauricio-Donelli-David-Chacon_1.jpg\" alt=\"\" width=\"1200\" height=\"900\" srcset=\"https:\/\/www.ciudadgoticanews.com\/wp-content\/uploads\/2024\/03\/Mauricio-Donelli-David-Chacon_1.jpg 1200w, https:\/\/www.ciudadgoticanews.com\/wp-content\/uploads\/2024\/03\/Mauricio-Donelli-David-Chacon_1-300x225.jpg 300w, https:\/\/www.ciudadgoticanews.com\/wp-content\/uploads\/2024\/03\/Mauricio-Donelli-David-Chacon_1-1024x768.jpg 1024w, https:\/\/www.ciudadgoticanews.com\/wp-content\/uploads\/2024\/03\/Mauricio-Donelli-David-Chacon_1-768x576.jpg 768w\" sizes=\"auto, (max-width: 1200px) 100vw, 1200px\" \/><\/a><figcaption id=\"caption-attachment-7288\" class=\"wp-caption-text\">Mauricio Donelli y David Chac\u00f3n<\/figcaption><\/figure>\n<p>El protagonista de la obra es el actor Rolando Padilla, quien interpreta al m\u00e9dico y beato venezolano. Desde que la obra empez\u00f3 a gestarse la segunda mitad del a\u00f1o 2022, Mauricio Donelli estuvo a cargo de las fotograf\u00edas promocionales, en distintas locaciones al aire libre.<\/p>\n<p><a href=\"https:\/\/www.ciudadgoticanews.com\/wp-content\/uploads\/2024\/03\/socrates-serrano001_1.jpg\"><img loading=\"lazy\" decoding=\"async\" class=\"aligncenter size-full wp-image-7435\" src=\"https:\/\/www.ciudadgoticanews.com\/wp-content\/uploads\/2024\/03\/socrates-serrano001_1.jpg\" alt=\"\" width=\"1200\" height=\"1908\" srcset=\"https:\/\/www.ciudadgoticanews.com\/wp-content\/uploads\/2024\/03\/socrates-serrano001_1.jpg 1200w, https:\/\/www.ciudadgoticanews.com\/wp-content\/uploads\/2024\/03\/socrates-serrano001_1-189x300.jpg 189w, https:\/\/www.ciudadgoticanews.com\/wp-content\/uploads\/2024\/03\/socrates-serrano001_1-644x1024.jpg 644w, https:\/\/www.ciudadgoticanews.com\/wp-content\/uploads\/2024\/03\/socrates-serrano001_1-768x1221.jpg 768w, https:\/\/www.ciudadgoticanews.com\/wp-content\/uploads\/2024\/03\/socrates-serrano001_1-966x1536.jpg 966w\" sizes=\"auto, (max-width: 1200px) 100vw, 1200px\" \/><\/a><\/p>\n<h3><strong>Un productor acusado de delitos<\/strong><\/h3>\n<figure id=\"attachment_7235\" aria-describedby=\"caption-attachment-7235\" style=\"width: 1200px\" class=\"wp-caption aligncenter\"><a href=\"https:\/\/www.ciudadgoticanews.com\/wp-content\/uploads\/2024\/03\/hugo-andres-chacon_1.jpg\"><img loading=\"lazy\" decoding=\"async\" class=\"size-full wp-image-7235\" src=\"https:\/\/www.ciudadgoticanews.com\/wp-content\/uploads\/2024\/03\/hugo-andres-chacon_1.jpg\" alt=\"\" width=\"1200\" height=\"910\" srcset=\"https:\/\/www.ciudadgoticanews.com\/wp-content\/uploads\/2024\/03\/hugo-andres-chacon_1.jpg 1200w, https:\/\/www.ciudadgoticanews.com\/wp-content\/uploads\/2024\/03\/hugo-andres-chacon_1-300x228.jpg 300w, https:\/\/www.ciudadgoticanews.com\/wp-content\/uploads\/2024\/03\/hugo-andres-chacon_1-1024x777.jpg 1024w, https:\/\/www.ciudadgoticanews.com\/wp-content\/uploads\/2024\/03\/hugo-andres-chacon_1-768x582.jpg 768w\" sizes=\"auto, (max-width: 1200px) 100vw, 1200px\" \/><\/a><figcaption id=\"caption-attachment-7235\" class=\"wp-caption-text\">Hugo Hern\u00e1ndez Chac\u00f3n a la derecha de la foto y el actor Rolando Padilla, vestido de traje junto a otros integrantes del staff<\/figcaption><\/figure>\n<p>Lo que llama la atenci\u00f3n de esta obra es la participaci\u00f3n de Hugo Andr\u00e9s Hern\u00e1ndez Chac\u00f3n, sobrino de los hermanos Chac\u00f3n, como productor ejecutivo. Hern\u00e1ndez Chac\u00f3n fue detenido en Caracas en el a\u00f1o 2021 y acusado de varios delitos, entre ellos \u00abdefraudaci\u00f3n, falsa atestaci\u00f3n ante funcionario p\u00fablico, extorsi\u00f3n agravada, revelaci\u00f3n de secretos pol\u00edticos, traici\u00f3n a la patria, obstrucci\u00f3n de la libertad de comercio y terrorismo\u00bb.<\/p>\n<figure id=\"attachment_7242\" aria-describedby=\"caption-attachment-7242\" style=\"width: 1200px\" class=\"wp-caption aligncenter\"><a href=\"https:\/\/www.ciudadgoticanews.com\/wp-content\/uploads\/2024\/03\/musical-hugo-andres-hernandez2_1.jpg\"><img loading=\"lazy\" decoding=\"async\" class=\"size-full wp-image-7242\" src=\"https:\/\/www.ciudadgoticanews.com\/wp-content\/uploads\/2024\/03\/musical-hugo-andres-hernandez2_1.jpg\" alt=\"\" width=\"1200\" height=\"1500\" srcset=\"https:\/\/www.ciudadgoticanews.com\/wp-content\/uploads\/2024\/03\/musical-hugo-andres-hernandez2_1.jpg 1200w, https:\/\/www.ciudadgoticanews.com\/wp-content\/uploads\/2024\/03\/musical-hugo-andres-hernandez2_1-240x300.jpg 240w, https:\/\/www.ciudadgoticanews.com\/wp-content\/uploads\/2024\/03\/musical-hugo-andres-hernandez2_1-819x1024.jpg 819w, https:\/\/www.ciudadgoticanews.com\/wp-content\/uploads\/2024\/03\/musical-hugo-andres-hernandez2_1-768x960.jpg 768w\" sizes=\"auto, (max-width: 1200px) 100vw, 1200px\" \/><\/a><figcaption id=\"caption-attachment-7242\" class=\"wp-caption-text\">Cartel del musical, en el que destaca el nombre de Hugo Andr\u00e9s Hern\u00e1ndez como productor<\/figcaption><\/figure>\n<p>Adem\u00e1s, seg\u00fan denunci\u00f3 en redes sociales el ex comisionado de seguridad del llamado \u00abGobierno interino\u00bb de Juan Guaid\u00f3, Iv\u00e1n Simonovis, Hern\u00e1ndez Chac\u00f3n y su socio Juan Marco Perozo estuvieron involucrados en una operaci\u00f3n multimillonaria de venta de petr\u00f3leo venezolano, por 88 millones de d\u00f3lares, que no ingresaron a las cuentas de la estatal Pdvsa.<\/p>\n<p><a href=\"https:\/\/www.ciudadgoticanews.com\/wp-content\/uploads\/2024\/03\/Hugo-Hernandez-Chacon003_1.jpg\"><img loading=\"lazy\" decoding=\"async\" class=\"aligncenter size-full wp-image-7298\" src=\"https:\/\/www.ciudadgoticanews.com\/wp-content\/uploads\/2024\/03\/Hugo-Hernandez-Chacon003_1.jpg\" alt=\"\" width=\"1200\" height=\"1621\" srcset=\"https:\/\/www.ciudadgoticanews.com\/wp-content\/uploads\/2024\/03\/Hugo-Hernandez-Chacon003_1.jpg 1200w, https:\/\/www.ciudadgoticanews.com\/wp-content\/uploads\/2024\/03\/Hugo-Hernandez-Chacon003_1-222x300.jpg 222w, https:\/\/www.ciudadgoticanews.com\/wp-content\/uploads\/2024\/03\/Hugo-Hernandez-Chacon003_1-758x1024.jpg 758w, https:\/\/www.ciudadgoticanews.com\/wp-content\/uploads\/2024\/03\/Hugo-Hernandez-Chacon003_1-768x1037.jpg 768w, https:\/\/www.ciudadgoticanews.com\/wp-content\/uploads\/2024\/03\/Hugo-Hernandez-Chacon003_1-1137x1536.jpg 1137w\" sizes=\"auto, (max-width: 1200px) 100vw, 1200px\" \/><\/a><\/p>\n<p>Esta operaci\u00f3n se habr\u00eda realizado con el benepl\u00e1cito de altos funcionarios de Pdvsa, aprovechando las sanciones impuestas por Estados Unidos a la industria petrolera venezolana. Por eso, resulta extra\u00f1o que Hern\u00e1ndez Chac\u00f3n haya podido convertirse en productor en una obra de teatro que requiere de una gran inversi\u00f3n. Eso despu\u00e9s de recuperar su libertad mediante una medida sustitutiva que lo oblig\u00f3 a presentarse en Caracas en el tribunal a cargo del caso.<\/p>\n<blockquote class=\"wp-embedded-content\" data-secret=\"Um7NoPwI8A\"><p><a href=\"https:\/\/www.ciudadgoticanews.com\/index.php\/2024\/03\/03\/hugo-andres-hernandez-chacon-y-el-musical-una-historia-de-corrupcion-arte-y-religion-cimentada-sobre-la-figura-del-medico-mas-venerado-de-venezuela\/\">Hugo Andr\u00e9s Hern\u00e1ndez Chac\u00f3n y el musical: una historia de corrupci\u00f3n, arte y religi\u00f3n cimentada sobre la figura del m\u00e9dico m\u00e1s venerado de Venezuela<\/a><\/p><\/blockquote>\n<p><iframe loading=\"lazy\" title=\"\u00abHugo Andr\u00e9s Hern\u00e1ndez Chac\u00f3n y el musical: una historia de corrupci\u00f3n, arte y religi\u00f3n cimentada sobre la figura del m\u00e9dico m\u00e1s venerado de Venezuela\u00bb \u2014 CIUDAD G&Oacute;TICA\" sandbox=\"allow-scripts\" security=\"restricted\" src=\"https:\/\/www.ciudadgoticanews.com\/index.php\/2024\/03\/03\/hugo-andres-hernandez-chacon-y-el-musical-una-historia-de-corrupcion-arte-y-religion-cimentada-sobre-la-figura-del-medico-mas-venerado-de-venezuela\/embed\/#?secret=Um7NoPwI8A\" width=\"600\" height=\"338\" data-secret=\"Um7NoPwI8A\" frameborder=\"0\" marginwidth=\"0\" marginheight=\"0\" scrolling=\"no\" class=\"wp-embedded-content\"><\/iframe><script>\/*! This file is auto-generated *\/!function(d,l){\"use strict\";l.querySelector&&d.addEventListener&&\"undefined\"!=typeof URL&&(d.wp=d.wp||{},d.wp.receiveEmbedMessage||(d.wp.receiveEmbedMessage=function(e){var t=e.data;if((t||t.secret||t.message||t.value)&&!\/[^a-zA-Z0-9]\/.test(t.secret)){for(var s,r,n,a=l.querySelectorAll('iframe[data-secret=\"'+t.secret+'\"]'),o=l.querySelectorAll('blockquote[data-secret=\"'+t.secret+'\"]'),c=new RegExp(\"^https?:$\",\"i\"),i=0;i<o.length;i++)o[i].style.display=\"none\";for(i=0;i<a.length;i++)s=a[i],e.source===s.contentWindow&#038;&#038;(s.removeAttribute(\"style\"),\"height\"===t.message?(1e3<(r=parseInt(t.value,10))?r=1e3:~~r<200&#038;&#038;(r=200),s.height=r):\"link\"===t.message&#038;&#038;(r=new URL(s.getAttribute(\"src\")),n=new URL(t.value),c.test(n.protocol))&#038;&#038;n.host===r.host&#038;&#038;l.activeElement===s&#038;&#038;(d.top.location.href=t.value))}},d.addEventListener(\"message\",d.wp.receiveEmbedMessage,!1),l.addEventListener(\"DOMContentLoaded\",function(){for(var e,t,s=l.querySelectorAll(\"iframe.wp-embedded-content\"),r=0;r<s.length;r++)(t=(e=s[r]).getAttribute(\"data-secret\"))||(t=Math.random().toString(36).substring(2,12),e.src+=\"#?secret=\"+t,e.setAttribute(\"data-secret\",t)),e.contentWindow.postMessage({message:\"ready\",secret:t},\"*\")},!1)))}(window,document);<\/script><\/p>\n<blockquote><p>Donelli, involucrado en el mismo proyecto art\u00edstico, posiblemente ha estado teniendo tratos comerciales con Hugo Hern\u00e1ndez Chac\u00f3n. Hern\u00e1ndez est\u00e1 bajo sospecha de estar involucrado en una trama para evadir las sanciones petroleras impuestas por Estados Unidos, lo que podr\u00eda resultar en el congelamiento de los activos que Donelli posee en territorio estadounidense, por parte del Departamento del Tesoro.<\/p><\/blockquote>\n<h3><strong>M\u00e1s que teatro religioso<\/strong><\/h3>\n<p>Otro aspecto que ha generado cr\u00edticas es la doble moral del director de la obra, David Chac\u00f3n, quien no ha ocultado sus noviazgos gay y ha dirigido obras que nada tienen que ver con la religi\u00f3n cat\u00f3lica. En el a\u00f1o 2017, Chac\u00f3n dirig\u00eda en Miami la obra \"Edipo Gay\", escrita por Carlos Omobono, que narra la historia de Eduardo, un homosexual adinerado y su pareja. Esta obra se presentaba en el Teatro Ocho de Miami.<\/p>\n<p><a href=\"https:\/\/www.ciudadgoticanews.com\/wp-content\/uploads\/2024\/03\/edipo-gay_1.jpg\"><img loading=\"lazy\" decoding=\"async\" class=\"aligncenter size-full wp-image-7237\" src=\"https:\/\/www.ciudadgoticanews.com\/wp-content\/uploads\/2024\/03\/edipo-gay_1.jpg\" alt=\"\" width=\"1200\" height=\"1595\" srcset=\"https:\/\/www.ciudadgoticanews.com\/wp-content\/uploads\/2024\/03\/edipo-gay_1.jpg 1200w, https:\/\/www.ciudadgoticanews.com\/wp-content\/uploads\/2024\/03\/edipo-gay_1-226x300.jpg 226w, https:\/\/www.ciudadgoticanews.com\/wp-content\/uploads\/2024\/03\/edipo-gay_1-770x1024.jpg 770w, https:\/\/www.ciudadgoticanews.com\/wp-content\/uploads\/2024\/03\/edipo-gay_1-768x1021.jpg 768w, https:\/\/www.ciudadgoticanews.com\/wp-content\/uploads\/2024\/03\/edipo-gay_1-1156x1536.jpg 1156w\" sizes=\"auto, (max-width: 1200px) 100vw, 1200px\" \/><\/a><\/p>\n<p>Sin embargo, en el a\u00f1o 2021, Chac\u00f3n y su madre, la impulsora del proyecto de \"Jos\u00e9 Gregorio Hern\u00e1ndez, El Musical\", visitaron al Cardenal Baltazar Porras, actual arzobispo de Caracas, para presentarle el proyecto. Fuentes cercanas a la Iglesia Cat\u00f3lica venezolana aseguran que este proyecto es una fachada para ocultar situaciones e intereses oscuros, y que la presencia de Hugo Hern\u00e1ndez Chac\u00f3n es una prueba de ello.<\/p>\n<blockquote><p><strong>Cabe destacar que \"Jos\u00e9 Gregorio Hern\u00e1ndez, El Musical\" no debe ser confundido con \"Las Cartas de Jos\u00e9 Gregorio, El Musical\", otra obra teatral, que fue concebida en el a\u00f1o 2019, que s\u00ed ha sido estrenada y que ha tenido un gran \u00e9xito en Venezuela en m\u00e1s de una treintena de presentaciones ya efectuadas.<\/strong><\/p><\/blockquote>\n<h3><strong>Miami y Panam\u00e1: e<\/strong><strong>mpresas, propiedades y demanda<\/strong><\/h3>\n<p>Mauricio Ernesto Donelli Paolini no solo se destaca por su pasi\u00f3n en la fotograf\u00eda, sino que ha cultivado una trayectoria en este arte, tanto en Venezuela como en el extranjero. Ha participado en numerosos talleres de fotograf\u00eda, dentro y fuera de Venezuela. Su trabajo abarca desde fotograf\u00edas sociales de diversos eventos hasta impresionantes paisajes capturados en su estado natal, Falc\u00f3n.<\/p>\n<p>Donelli Paolini ha enfocado su labor fotogr\u00e1fica en eventos sociales como bodas, comuniones y desfiles, as\u00ed como en retratos y desnudos.<\/p>\n<p>Adem\u00e1s de su carrera como fot\u00f3grafo, Donelli Paolini tambi\u00e9n se desempe\u00f1a como empresario. Es el presidente de Corodesert, C.A., una sociedad registrada en Panam\u00e1 en 2005, cuyo nombre parece hacer referencia a la ciudad natal del fot\u00f3grafo, Coro. Asimismo, en Miami, Florida, preside otra sociedad llamada Corodesert USA, INC., registrada tambi\u00e9n en\u00a0 el a\u00f1o 2005 y actualmente en funcionamiento. En ambas empresas, su esposa, Marisol Iturbe de Donelli, es su socia.<\/p>\n<p>Corodesert, C.A. enfrent\u00f3 suspensi\u00f3n en el a\u00f1o 2012 en Panam\u00e1 por decisi\u00f3n de la Direcci\u00f3n General de Ingresos del pa\u00eds centroamericano, debido a mantener una morosidad de m\u00e1s de 3 a\u00f1os consecutivos en el pago del tributo de tasa \u00fanica.<\/p>\n<p>La asociaci\u00f3n de condominio 401 Blu of North Beach Condominium present\u00f3 una demanda en el a\u00f1o 2019, en el Circuito 11 del Condado de Miami-Dade contra la empresa Corodesert USA Inc. El motivo de la demanda fue el incumplimiento de pago de las cuotas de mantenimiento por parte de Corodesert USA Inc, firma presidida por el fot\u00f3grafo Mauricio Donelli y propietaria de la unidad 502 del condominio, ubicado en Miami Beach.<\/p>\n<p>Seg\u00fan la demanda, la asociaci\u00f3n reclamaba a Corodesert USA Inc el pago de cuotas atrasadas que ascend\u00edan a $2,259.57 al 25 de abril de 2019, incluyendo intereses, cargos por mora y honorarios legales. Este monto inclu\u00eda cuotas de mantenimiento vencidas por $1,597.89, intereses de $8.68, cargos por mora de $25, honorarios de abogados de $530, b\u00fasqueda de t\u00edtulos de propiedad por $40, gastos de env\u00edo por $18 y otros costos por $40.<\/p>\n<p>La asociaci\u00f3n alegaba que, seg\u00fan las declaraciones del condominio y el Estatuto 718 de Florida, ten\u00eda derecho a iniciar un proceso de ejecuci\u00f3n hipotecaria contra la unidad de Corodesert USA Inc para recuperar los montos adeudados, m\u00e1s intereses, costos y honorarios legales que se acumularan hasta la obtenci\u00f3n de un fallo definitivo.<\/p>\n<p>La demanda detallaba que el 25 de marzo de 2019 se envi\u00f3 por correo certificado un aviso de intenci\u00f3n de ejecutar la hipoteca a Corodesert USA Inc, otorg\u00e1ndole 30 d\u00edas para disputar la deuda. Al no recibir respuesta, la asociaci\u00f3n procedi\u00f3 a presentar la demanda el 24 de septiembre de 2019.<\/p>\n<p>La asociaci\u00f3n ped\u00eda al tribunal que determinara el monto total adeudado, declarara su derecho de gravamen sobre la propiedad, ordenara la ejecuci\u00f3n hipotecaria y el remate de la unidad para cubrir la deuda, adem\u00e1s de una sentencia en contra de Corodesert USA Inc por cualquier monto remanente no cubierto por el remate.<\/p>\n<p>Esta acci\u00f3n legal evidencia la potestad de las asociaciones de condominio para exigir el pago de cuotas a los propietarios y recurrir a los tribunales en caso de incumplimiento prolongado, a fin de proteger los intereses financieros de la comunidad de propietarios.<\/p>\n<p>La asociaci\u00f3n de propietarios 401 Blu of North Beach Condominium con sede en Miami Beach, Florida, retir\u00f3 voluntariamente en octubre de 2019 la demanda que hab\u00eda presentado contra la empresa Corodesert USA Inc., as\u00ed como contra los ocupantes desconocidos del apartamento en cuesti\u00f3n. Esta decisi\u00f3n se hizo p\u00fablica mediante un aviso de desistimiento sin perjuicio presentado ante el Tribunal de Circuito del 11\u00ba Circuito Judicial del Condado de Miami-Dade.<\/p>\n<p>Seg\u00fan los documentos judiciales, el caso llevaba el n\u00famero 2019-028511-CA-01 y se trataba de un procedimiento civil que involucraba al condominio 401 Blu of North Beach Condominium como demandante y a Corodesert USA Inc., propietaria de un apartamento en el edificio, as\u00ed como a posibles inquilinos desconocidos como demandados.<\/p>\n<p>El bufete de abogados Cuevas Garcia &amp; Torres P.A., que representaba a la parte demandante, notific\u00f3 oficialmente el 22 de octubre de 2019 su deseo de retirar sin m\u00e1s la demanda inicial, de conformidad con el art\u00edculo 1.420(a) de las Reglas de Procedimiento Civil de Florida. Este aviso de desistimiento voluntario especificaba que cada parte deber\u00eda asumir sus propios gastos y costos.<\/p>\n<p>Jos\u00e9 Torres, el abogado a cargo del caso para el bufete, certific\u00f3 que se hab\u00eda enviado debidamente una copia del aviso por correo postal a Corodesert USA Inc. a su direcci\u00f3n de la calle 69 n\u00b0401, apartamento 502 en Miami Beach, as\u00ed como a la demandante inicial.<\/p>\n<p>Si bien los motivos exactos de este cambio de rumbo no se explicitaron, esta retirada de la demanda cerr\u00f3 provisionalmente el litigio entre ambas partes en 2019. Se presume que el desistimiento fue posible gracias a haberse alcanzado un acuerdo extrajudicial entre las partes en ese momento, qu\u00e9 con llev\u00f3 el pago de la deuda.<\/p>\n<p>El nombre de Donelli aparece asociado a otras propiedades en Miami y Nueva York. En La Gran Manzana, el fot\u00f3grafo ha asistido en la \u00faltima d\u00e9cada a desfiles frecuentados por figuras estadounidenses del entretenimiento y la moda.<\/p>\n","protected":false},"excerpt":{"rendered":"<p>En los \u00faltimos tiempos, el fot\u00f3grafo venezolano Mauricio Donelli ha estado en el centro de varias controversias. Su nombre se ha asociado a un libro que pretende lucrar con la figura del beato Jos\u00e9 Gregorio Hern\u00e1ndez, el m\u00e9dico de los pobres, cuya vida y milagros han inspirado a millones de venezolanos. Un libro pol\u00e9mico El [&hellip;]<\/p>\n","protected":false},"author":1,"featured_media":7503,"comment_status":"open","ping_status":"open","sticky":false,"template":"","format":"standard","meta":{"h5ap_radio_sources":[],"footnotes":""},"categories":[9],"tags":[],"class_list":["post-7430","post","type-post","status-publish","format-standard","has-post-thumbnail","hentry","category-venezuela"],"aioseo_notices":[],"_links":{"self":[{"href":"https:\/\/www.ciudadgoticanews.com\/index.php\/wp-json\/wp\/v2\/posts\/7430","targetHints":{"allow":["GET"]}}],"collection":[{"href":"https:\/\/www.ciudadgoticanews.com\/index.php\/wp-json\/wp\/v2\/posts"}],"about":[{"href":"https:\/\/www.ciudadgoticanews.com\/index.php\/wp-json\/wp\/v2\/types\/post"}],"author":[{"embeddable":true,"href":"https:\/\/www.ciudadgoticanews.com\/index.php\/wp-json\/wp\/v2\/users\/1"}],"replies":[{"embeddable":true,"href":"https:\/\/www.ciudadgoticanews.com\/index.php\/wp-json\/wp\/v2\/comments?post=7430"}],"version-history":[{"count":0,"href":"https:\/\/www.ciudadgoticanews.com\/index.php\/wp-json\/wp\/v2\/posts\/7430\/revisions"}],"wp:featuredmedia":[{"embeddable":true,"href":"https:\/\/www.ciudadgoticanews.com\/index.php\/wp-json\/wp\/v2\/media\/7503"}],"wp:attachment":[{"href":"https:\/\/www.ciudadgoticanews.com\/index.php\/wp-json\/wp\/v2\/media?parent=7430"}],"wp:term":[{"taxonomy":"category","embeddable":true,"href":"https:\/\/www.ciudadgoticanews.com\/index.php\/wp-json\/wp\/v2\/categories?post=7430"},{"taxonomy":"post_tag","embeddable":true,"href":"https:\/\/www.ciudadgoticanews.com\/index.php\/wp-json\/wp\/v2\/tags?post=7430"}],"curies":[{"name":"wp","href":"https:\/\/api.w.org\/{rel}","templated":true}]}}