{"id":7658,"date":"2024-03-14T06:34:30","date_gmt":"2024-03-14T10:34:30","guid":{"rendered":"https:\/\/www.ciudadgoticanews.com\/?p=7658"},"modified":"2024-03-14T06:35:40","modified_gmt":"2024-03-14T10:35:40","slug":"que-nuevas-conciencias-pretendera-comprar-en-venezuela-el-empresario","status":"publish","type":"post","link":"https:\/\/www.ciudadgoticanews.com\/index.php\/2024\/03\/14\/que-nuevas-conciencias-pretendera-comprar-en-venezuela-el-empresario\/","title":{"rendered":"\u00bfQu\u00e9 nuevas conciencias pretender\u00e1 comprar en Venezuela el empresario Umberto Petricca con la reinauguraci\u00f3n del n\u00facleo Amazonas de la Universidad Santa Mar\u00eda?"},"content":{"rendered":"<p>En un intento por pulir su imagen p\u00fablica, el empresario Umberto Petricca, propietario de la Universidad Santa Mar\u00eda (USM), ha sido objeto de una cobertura medi\u00e1tica favorable orquestada por el pol\u00edtico venezolano Leocenis Garc\u00eda. Este \u00faltimo, a trav\u00e9s de los medios que controla, ha resaltado la reciente reinauguraci\u00f3n del n\u00facleo Amazonas de la USM. Sin embargo, esta maniobra no es m\u00e1s que un espejismo que busca desviar la atenci\u00f3n de las pr\u00e1cticas cuestionables de Petricca.<\/p>\n<h3><strong>La fachada de la reinauguraci\u00f3n<\/strong><\/h3>\n<p>El jueves 29 de febrero se celebr\u00f3 la reactivaci\u00f3n del N\u00facleo de Amazonas de la USM, un evento que, seg\u00fan los medios afines a Garc\u00eda, simboliza un avance en el desarrollo educativo y socioecon\u00f3mico de la regi\u00f3n. La ceremonia, realizada en Puerto Ayacucho, cont\u00f3 con la presencia de figuras como Umberto Petricca y su hija Giselle Petricca, quienes mostraron las renovadas instalaciones que incluyen mobiliario nuevo y tecnolog\u00eda avanzada. Se prometi\u00f3 un ambiente propicio para el aprendizaje y el crecimiento de los estudiantes.<\/p>\n<p>Giselle Petricca, Vicerrectora Administrativa de la USM, enfatiz\u00f3 el supuesto impacto ben\u00e9fico que la reapertura tendr\u00eda en la comunidad, prometiendo acceso a la educaci\u00f3n para j\u00f3venes de todos los rincones de Amazonas, incluyendo a los de origen ind\u00edgena. Se anunci\u00f3 que la matr\u00edcula costar\u00eda la mitad de lo que se cobra en la capital y que las carreras de Derecho y Contadur\u00eda P\u00fablica estar\u00edan disponibles en un principio.<\/p>\n<p><a href=\"https:\/\/www.ciudadgoticanews.com\/wp-content\/uploads\/2024\/03\/reinauguracion-nucleo-amazonas-universiad-santa-maria_1.jpg\"><img loading=\"lazy\" decoding=\"async\" class=\"aligncenter size-full wp-image-7665\" src=\"https:\/\/www.ciudadgoticanews.com\/wp-content\/uploads\/2024\/03\/reinauguracion-nucleo-amazonas-universiad-santa-maria_1.jpg\" alt=\"\" width=\"1200\" height=\"1600\" srcset=\"https:\/\/www.ciudadgoticanews.com\/wp-content\/uploads\/2024\/03\/reinauguracion-nucleo-amazonas-universiad-santa-maria_1.jpg 1200w, https:\/\/www.ciudadgoticanews.com\/wp-content\/uploads\/2024\/03\/reinauguracion-nucleo-amazonas-universiad-santa-maria_1-225x300.jpg 225w, https:\/\/www.ciudadgoticanews.com\/wp-content\/uploads\/2024\/03\/reinauguracion-nucleo-amazonas-universiad-santa-maria_1-768x1024.jpg 768w, https:\/\/www.ciudadgoticanews.com\/wp-content\/uploads\/2024\/03\/reinauguracion-nucleo-amazonas-universiad-santa-maria_1-1152x1536.jpg 1152w\" sizes=\"auto, (max-width: 1200px) 100vw, 1200px\" \/><\/a><\/p>\n<h3><strong>Intereses ocultos y manipulaci\u00f3n electoral<\/strong><\/h3>\n<p>Sin embargo, surge la interrogante de: \u00bfCu\u00e1l es el verdadero motivo detr\u00e1s de esta reinauguraci\u00f3n? En el pasado, Petricca ha utilizado el n\u00facleo para influir en el electorado a favor de ciertos pol\u00edticos, como lo hiciera con el exgobernador Bernab\u00e9 Guti\u00e9rrez. Con cada ciclo electoral, Petricca parece recurrir a esta t\u00e1ctica para servir a sus intereses econ\u00f3micos. Adem\u00e1s, es conocido que sus empresas, dedicadas a la construcci\u00f3n, vialidad y otros rubros, han florecido en Venezuela gracias a pol\u00edticos corruptos y a la compra de conciencias.<\/p>\n<p>A pesar de la inversi\u00f3n significativa para rehabilitar el n\u00facleo, que hab\u00eda sido previamente saqueado, y la programaci\u00f3n de la reactivaci\u00f3n de actividades desde el pasado 4 de marzo, persisten las dudas sobre la integridad de este proyecto. \u00bfSe repetir\u00e1 la historia y el n\u00facleo volver\u00e1 a ser una herramienta para favorecer a alg\u00fan candidato pol\u00edtico en Amazonas?<\/p>\n<p>Resulta ir\u00f3nico que se intente vender esta reinauguraci\u00f3n como un compromiso genuino con la educaci\u00f3n y el progreso social de la regi\u00f3n. Lejos de ser una apuesta desinteresada por el futuro de los j\u00f3venes, todo apunta a que se trata de un burdo pretexto para encubrir los oscuros manejos de Petricca. La verdadera motivaci\u00f3n parece ser el beneficio personal y la perpetuaci\u00f3n de sus influencias pol\u00edticas y econ\u00f3micas en detrimento del bienestar colectivo.<\/p>\n","protected":false},"excerpt":{"rendered":"<p>En un intento por pulir su imagen p\u00fablica, el empresario Umberto Petricca, propietario de la Universidad Santa Mar\u00eda (USM), ha sido objeto de una cobertura medi\u00e1tica favorable orquestada por el pol\u00edtico venezolano Leocenis Garc\u00eda. Este \u00faltimo, a trav\u00e9s de los medios que controla, ha resaltado la reciente reinauguraci\u00f3n del n\u00facleo Amazonas de la USM. Sin [&hellip;]<\/p>\n","protected":false},"author":1,"featured_media":7664,"comment_status":"open","ping_status":"open","sticky":false,"template":"","format":"standard","meta":{"h5ap_radio_sources":[],"footnotes":""},"categories":[9],"tags":[],"class_list":["post-7658","post","type-post","status-publish","format-standard","has-post-thumbnail","hentry","category-venezuela"],"aioseo_notices":[],"_links":{"self":[{"href":"https:\/\/www.ciudadgoticanews.com\/index.php\/wp-json\/wp\/v2\/posts\/7658","targetHints":{"allow":["GET"]}}],"collection":[{"href":"https:\/\/www.ciudadgoticanews.com\/index.php\/wp-json\/wp\/v2\/posts"}],"about":[{"href":"https:\/\/www.ciudadgoticanews.com\/index.php\/wp-json\/wp\/v2\/types\/post"}],"author":[{"embeddable":true,"href":"https:\/\/www.ciudadgoticanews.com\/index.php\/wp-json\/wp\/v2\/users\/1"}],"replies":[{"embeddable":true,"href":"https:\/\/www.ciudadgoticanews.com\/index.php\/wp-json\/wp\/v2\/comments?post=7658"}],"version-history":[{"count":0,"href":"https:\/\/www.ciudadgoticanews.com\/index.php\/wp-json\/wp\/v2\/posts\/7658\/revisions"}],"wp:featuredmedia":[{"embeddable":true,"href":"https:\/\/www.ciudadgoticanews.com\/index.php\/wp-json\/wp\/v2\/media\/7664"}],"wp:attachment":[{"href":"https:\/\/www.ciudadgoticanews.com\/index.php\/wp-json\/wp\/v2\/media?parent=7658"}],"wp:term":[{"taxonomy":"category","embeddable":true,"href":"https:\/\/www.ciudadgoticanews.com\/index.php\/wp-json\/wp\/v2\/categories?post=7658"},{"taxonomy":"post_tag","embeddable":true,"href":"https:\/\/www.ciudadgoticanews.com\/index.php\/wp-json\/wp\/v2\/tags?post=7658"}],"curies":[{"name":"wp","href":"https:\/\/api.w.org\/{rel}","templated":true}]}}