{"id":783,"date":"2022-06-24T02:18:00","date_gmt":"2022-06-24T06:18:00","guid":{"rendered":"https:\/\/www.ciudadgoticanews.com\/?p=783"},"modified":"2022-06-24T02:19:30","modified_gmt":"2022-06-24T06:19:30","slug":"detienen-a-seis-venezolanos-al-sureste-de-curazao-cuando-transportaban-drogas-y-armas","status":"publish","type":"post","link":"https:\/\/www.ciudadgoticanews.com\/index.php\/2022\/06\/24\/detienen-a-seis-venezolanos-al-sureste-de-curazao-cuando-transportaban-drogas-y-armas\/","title":{"rendered":"Detienen a seis venezolanos al sureste de Curazao cuando transportaban drogas y armas en una embarcaci\u00f3n que intent\u00f3 evadir a las autoridades curazole\u00f1as"},"content":{"rendered":"<p>Los navegantes fueron aprehendidos luego de una breve persecuci\u00f3n en aguas pr\u00f3ximas a Klein, un islote a doce kil\u00f3metros al sureste de la antilla, inform\u00f3 el Cuerpo de Guardacostas del Caribe.<\/p>\n<p>Seg\u00fan el parte, este grupo se trasladaba hacia el norte en un pe\u00f1ero de alta velocidad, el jueves 16 de junio en la noche. Tras la detecci\u00f3n, la polic\u00eda marina con base en el sector Parera de Willemstad envi\u00f3 una\u00a0<strong>aeronave Dash<\/strong>\u00a0y una\u00a0<strong>embarcaci\u00f3n Metal Shark<\/strong>, capaz de desarrollar suficiente velocidad para alcanzar a la utilizada por el grupo de venezolanos.<\/p>\n<p>\u201cCuando los guardacostas llegaron a la escena, la nave sospechosa intent\u00f3 escapar. La tripulaci\u00f3n del Metal Shark hizo disparos de advertencia durante la persecuci\u00f3n para tratar de detener a los sospechosos. La tripulaci\u00f3n del pe\u00f1ero ignor\u00f3 esta advertencia y aument\u00f3 la velocidad para tratar de escapar\u201d, indica la informaci\u00f3n emitida por autoridades curazole\u00f1as.<\/p>\n<p>Posteriormente,\u00a0<strong>las armas de los guardacostas apuntaron al motor de la embarcaci\u00f3n utilizada por los venezolanos<\/strong>. Uno de los proyectiles impact\u00f3 en la m\u00e1quina, y fue as\u00ed como lograron darle alcance.<\/p>\n<p>La informaci\u00f3n aportada por los guardacostas indica que\u00a0<strong>los venezolanos llevaban \u201cvarios sacos\u201d repletos de drogas, e igualmente armas de fuego<\/strong>. Toda esta evidencia, m\u00e1s la tripulaci\u00f3n de seis personas, fueron entregadas al Cuerpo de Polic\u00eda de Curazao, para su posterior procesamiento, a partir del viernes 17 de junio.<\/p>\n<h3><strong>Zarpe desde Zulia<\/strong><\/h3>\n<p><strong>Este es el tercer procedimiento de interdicci\u00f3n de drogas que finaliza con la detenci\u00f3n de venezolanos durante el \u00faltimo mes y medio<\/strong>. Otras acciones de los guardacostas han ocasionado la detenci\u00f3n de marineros nativos de distintas islas, que aparentemente tambi\u00e9n est\u00e1n implicados en el traslado de sustancias prohibidas.<\/p>\n<p>El fin de semana, autoridades venezolanas recibieron informaci\u00f3n sobre la detenci\u00f3n de cinco venezolanos. Se trata de Dilso Segundo V\u00edlchez Mor\u00e1n, de 39 a\u00f1os de edad; Humberto Jes\u00fas Gonz\u00e1lez Arias, de 28 a\u00f1os; Yiosvaldo Garc\u00eda, de 56 a\u00f1os; Willy Jos\u00e9 Delgado Parra, de 29 a\u00f1os y Sandro Ram\u00f3n S\u00e1nchez Rinc\u00f3n, de 28 a\u00f1os.<\/p>\n<p>Todos ellos ser\u00edan procedentes de Isla de Toas, una localidad en la salida del Golfo de Venezuela al Caribe, a 35 kil\u00f3metros al norte de Maracaibo. Seg\u00fan la notificaci\u00f3n, est\u00e1n siendo procesados por tr\u00e1fico il\u00edcito de estupefacientes.<\/p>\n<h3><strong>Javier Ignacio Mayorca<\/strong><\/h3>\n<h3><a href=\"https:\/\/cronicasdelcaribe.com\/sociales\/detenidos-seis-venezolanos-con-drogas-y-armas-tras-persecucion-en-el-caribe\/\" target=\"_blank\" rel=\"noopener\"><strong>Cr\u00f3nicas del Caribe<\/strong><\/a><\/h3>\n","protected":false},"excerpt":{"rendered":"<p>Los navegantes fueron aprehendidos luego de una breve persecuci\u00f3n en aguas pr\u00f3ximas a Klein, un islote a doce kil\u00f3metros al sureste de la antilla, inform\u00f3 el Cuerpo de Guardacostas del Caribe. Seg\u00fan el parte, este grupo se trasladaba hacia el norte en un pe\u00f1ero de alta velocidad, el jueves 16 de junio en la noche. [&hellip;]<\/p>\n","protected":false},"author":1,"featured_media":786,"comment_status":"open","ping_status":"open","sticky":false,"template":"","format":"standard","meta":{"h5ap_radio_sources":[],"footnotes":""},"categories":[6],"tags":[],"class_list":["post-783","post","type-post","status-publish","format-standard","has-post-thumbnail","hentry","category-curacao"],"aioseo_notices":[],"_links":{"self":[{"href":"https:\/\/www.ciudadgoticanews.com\/index.php\/wp-json\/wp\/v2\/posts\/783","targetHints":{"allow":["GET"]}}],"collection":[{"href":"https:\/\/www.ciudadgoticanews.com\/index.php\/wp-json\/wp\/v2\/posts"}],"about":[{"href":"https:\/\/www.ciudadgoticanews.com\/index.php\/wp-json\/wp\/v2\/types\/post"}],"author":[{"embeddable":true,"href":"https:\/\/www.ciudadgoticanews.com\/index.php\/wp-json\/wp\/v2\/users\/1"}],"replies":[{"embeddable":true,"href":"https:\/\/www.ciudadgoticanews.com\/index.php\/wp-json\/wp\/v2\/comments?post=783"}],"version-history":[{"count":0,"href":"https:\/\/www.ciudadgoticanews.com\/index.php\/wp-json\/wp\/v2\/posts\/783\/revisions"}],"wp:featuredmedia":[{"embeddable":true,"href":"https:\/\/www.ciudadgoticanews.com\/index.php\/wp-json\/wp\/v2\/media\/786"}],"wp:attachment":[{"href":"https:\/\/www.ciudadgoticanews.com\/index.php\/wp-json\/wp\/v2\/media?parent=783"}],"wp:term":[{"taxonomy":"category","embeddable":true,"href":"https:\/\/www.ciudadgoticanews.com\/index.php\/wp-json\/wp\/v2\/categories?post=783"},{"taxonomy":"post_tag","embeddable":true,"href":"https:\/\/www.ciudadgoticanews.com\/index.php\/wp-json\/wp\/v2\/tags?post=783"}],"curies":[{"name":"wp","href":"https:\/\/api.w.org\/{rel}","templated":true}]}}