{"id":789,"date":"2022-06-24T02:26:08","date_gmt":"2022-06-24T06:26:08","guid":{"rendered":"https:\/\/www.ciudadgoticanews.com\/?p=789"},"modified":"2022-06-24T02:31:31","modified_gmt":"2022-06-24T06:31:31","slug":"refugiado-venezolano-relato-como-debe-vivir-encerrado-en-su-casa-con-su-familia-por-temor-a-los-abusos-policiales","status":"publish","type":"post","link":"https:\/\/www.ciudadgoticanews.com\/index.php\/2022\/06\/24\/refugiado-venezolano-relato-como-debe-vivir-encerrado-en-su-casa-con-su-familia-por-temor-a-los-abusos-policiales\/","title":{"rendered":"Refugiado venezolano relat\u00f3 c\u00f3mo debe vivir encerrado en su casa en Curazao con su familia por temor a ser v\u00edctima de abusos policiales"},"content":{"rendered":"<p>\u201c<strong>Me fui de Venezuela para poner a salvo a mi familia<\/strong>\u201d, cuenta Andr\u00e9s**, de 51 a\u00f1os de edad, padre de familia y oriundo de La Guaira, Venezuela.<\/p>\n<p>Andr\u00e9s ha sido acogido en Curazao como\u00a0<a href=\"https:\/\/cronicasdelcaribe.com\/migracion\/acnur-desarrollara-renovacion-de-certificados-de-solicitud-de-asilo-a-migrantes-en-curazao\/\">refugiado\u00a0 venezolano, asistido y orientado por Acnur<\/a>\u00a0(la Agencia de Refugiados de Naciones Unidas), luego de sufrir persecuci\u00f3n pol\u00edtica en su pa\u00eds.<\/p>\n<p>Sali\u00f3 de Venezuela en el a\u00f1o 2015: \u201c<strong>Huimos todos<\/strong>\u201d. Cinco son los integrantes de su familia. Andr\u00e9s recuerda que huy\u00f3 aturdido, desprotegido y angustiado por la idea de perderlo todo.<\/p>\n<p>Vendieron sus pertenencias para poder desplazarse a un lugar seguro, donde poder instalarse sin miedo a ser violentados en su propio hogar.<\/p>\n<p>Al momento de viajar hacia la isla,\u00a0<strong>Andr\u00e9s logr\u00f3 salir con sus documentos en mano<\/strong>. Sin embargo, han sido muchos los desaf\u00edos y obst\u00e1culos que ha debido enfrentar lejos de su tierra natal.<\/p>\n<h3><strong>Escondido<\/strong><\/h3>\n<p>Andr\u00e9s cuenta a\u00a0<strong><em>Cr\u00f3nicas del Caribe<\/em><\/strong>\u00a0que ha vivido episodios de terror por el simple hecho de intentar trabajar en Willemstad. \u201cPas\u00e9 varios sustos, ten\u00eda que esconderme detr\u00e1s de cajas cada vez que dec\u00edan que ven\u00eda la polic\u00eda, por eso ahora vivo encerrado como un animal en mi casa con mi familia, tenemos miedo de salir\u2026\u00a0<strong>Aqu\u00ed los refugiados pasamos mucha necesidad<\/strong>\u201d, denuncia.<\/p>\n<p>Confiesa que \u201cen alg\u00fan momento consideramos salir de la isla, pero sin el ingreso suficiente para ahorrar y costear el viaje se nos hizo imposible\u201d.<\/p>\n<h3><strong>Sin trabajo\u00a0<\/strong><\/h3>\n<p>\u201cEn teor\u00eda, el estatus de refugiado nos permite movilizarnos, pero sin derecho a trabajar; entonces,\u00a0<strong>hemos preferido mantenernos en casa lo m\u00e1s posible por miedo a la polic\u00eda<\/strong>\u00a0porque hemos escuchado que, en algunos casos, no respetan el documento de refugio\u201d, cuenta.<\/p>\n<p><a href=\"https:\/\/cronicasdelcaribe.com\/migracion\/amnistia-internacional-acusa-a-curazao-y-los-paises-bajos-de-violar-los-derechos-humanos-de-los-inmigrantes-venezolanos\/\">El gobierno de Curazao ha sido denunciado por\u00a0 el trato a los migrantes venezolanos<\/a>\u00a0y fue incluido por Amnist\u00eda Internacional en la lista de administraciones pol\u00edticas del mundo que \u201c<strong>prohib\u00eda la entrada de personas refugiadas, solicitantes de asilo y migrantes<\/strong>\u201d.<\/p>\n<p>Seg\u00fan la organizaci\u00f3n defensora de Derechos Humanos, los solicitantes de protecci\u00f3n internacional son detenidos en la isla y\u00a0<a href=\"https:\/\/cronicasdelcaribe.com\/migracion\/amnistia-internacional-denuncia-que-en-curazao-los-migrantes-ilegales-son-recluidos-en-condiciones-inhumanas-y-privados-de-su-derecho-a-solicitar-proteccion\/\">recluidos en condiciones inhumanas, sometidos a malos tratos<\/a> y privados de su derecho a solicitar protecci\u00f3n.<\/p>\n<p>Andr\u00e9s y su familia tienen el apoyo de Acnur, pero\u00a0eso no significa disfrutar de los beneficios y los derechos que reconoce la ley curazole\u00f1a.<\/p>\n<p>En ocasiones, los dos adultos de la casa consiguen trabajar una hora a cambio de un pago m\u00ednimo, que no les alcanza para cubrir los gastos b\u00e1sicos.<\/p>\n<p>\u201cBuscamos trabajo en redes sociales que a veces informan de algo, pero realmente es muy dif\u00edcil conseguir un ingreso estable\u2026 Muchas veces conseguimos pocas horas y ocasionalmente,\u00a0<strong>hacemos milagros para cubrir los gastos<\/strong>\u201d, asegura.<\/p>\n<h3><strong>Xenofobia<\/strong><\/h3>\n<p>Durante los a\u00f1os 2017-2019, el ingreso de migrantes provenientes de Venezuela a Willemstad elev\u00f3 los niveles de xenofobia.<\/p>\n<p>\u201cEs humillante el trato que a veces recibimos aqu\u00ed, se dirigen a uno con desprecio, nos hacen sentir menos,\u00a0<strong>nos preguntan por qu\u00e9 no nos devolvemos a nuestro pa\u00eds<\/strong>, nos escuchaban hablando espa\u00f1ol por la calle y nos deten\u00edan y exig\u00edan que habl\u00e1ramos papiamento\u201d, narra Andr\u00e9s.<\/p>\n<p><strong>Sin acceso a derechos b\u00e1sicos<\/strong><\/p>\n<p>En el informe\u00a0<a href=\"https:\/\/www.acnur.org\/tendencias-globales.html\">Tendencias Globales Acnur 2021<\/a>, difundido este 16 de junio de 2022, Venezuela report\u00f3 4,6 millones de personas desplazadas. El 72% de las personas refugiadas y desplazadas viven en los pa\u00edses vecinos a sus naciones de origen, pero solo 28% fueron acogidos formalmente.<\/p>\n<p>Andr\u00e9s cuestiona que la condici\u00f3n de refugiado de su familia nadie la valora ni respeta en la isla.\u00a0<strong>Las posibilidades de integrarse a la econom\u00eda y el turismo de Curazao son nulas<\/strong>. \u201cMis hijos dejaron de estudiar porque, si llegaban a terminar, los amenazaban con no entregarles los diplomas\u201d, lamenta. Ahora los peque\u00f1os reciben educaci\u00f3n online.<\/p>\n<p>\u201cEl refugiado que se ve forzado a migrar no lo hace por otro motivo sino el de salvaguardar su integridad y la de su familia, y por lo menos\u00a0<strong>tener acceso a una identificaci\u00f3n para poder tener trabajo y atenci\u00f3n m\u00e9dica<\/strong>\u201d, concluye Andr\u00e9s.<\/p>\n<p><strong>El nombre del refugiado venezolano ha sido modificado por motivos de protecci\u00f3n**<\/strong><\/p>\n<h3><strong>Jhonattam Petit<\/strong><\/h3>\n<h3><a href=\"https:\/\/cronicasdelcaribe.com\/migracion\/relato-de-un-refugiado-venezolano-en-curazao-ahora-vivo-encerrado-como-un-animal-en-mi-casa-con-mi-familia\/\" target=\"_blank\" rel=\"noopener\"><strong>Cr\u00f3nicas del Caribe<\/strong><\/a><\/h3>\n","protected":false},"excerpt":{"rendered":"<p>\u201cMe fui de Venezuela para poner a salvo a mi familia\u201d, cuenta Andr\u00e9s**, de 51 a\u00f1os de edad, padre de familia y oriundo de La Guaira, Venezuela. Andr\u00e9s ha sido acogido en Curazao como\u00a0refugiado\u00a0 venezolano, asistido y orientado por Acnur\u00a0(la Agencia de Refugiados de Naciones Unidas), luego de sufrir persecuci\u00f3n pol\u00edtica en su pa\u00eds. Sali\u00f3 [&hellip;]<\/p>\n","protected":false},"author":1,"featured_media":792,"comment_status":"open","ping_status":"open","sticky":false,"template":"","format":"standard","meta":{"h5ap_radio_sources":[],"footnotes":""},"categories":[6],"tags":[],"class_list":["post-789","post","type-post","status-publish","format-standard","has-post-thumbnail","hentry","category-curacao"],"aioseo_notices":[],"_links":{"self":[{"href":"https:\/\/www.ciudadgoticanews.com\/index.php\/wp-json\/wp\/v2\/posts\/789","targetHints":{"allow":["GET"]}}],"collection":[{"href":"https:\/\/www.ciudadgoticanews.com\/index.php\/wp-json\/wp\/v2\/posts"}],"about":[{"href":"https:\/\/www.ciudadgoticanews.com\/index.php\/wp-json\/wp\/v2\/types\/post"}],"author":[{"embeddable":true,"href":"https:\/\/www.ciudadgoticanews.com\/index.php\/wp-json\/wp\/v2\/users\/1"}],"replies":[{"embeddable":true,"href":"https:\/\/www.ciudadgoticanews.com\/index.php\/wp-json\/wp\/v2\/comments?post=789"}],"version-history":[{"count":0,"href":"https:\/\/www.ciudadgoticanews.com\/index.php\/wp-json\/wp\/v2\/posts\/789\/revisions"}],"wp:featuredmedia":[{"embeddable":true,"href":"https:\/\/www.ciudadgoticanews.com\/index.php\/wp-json\/wp\/v2\/media\/792"}],"wp:attachment":[{"href":"https:\/\/www.ciudadgoticanews.com\/index.php\/wp-json\/wp\/v2\/media?parent=789"}],"wp:term":[{"taxonomy":"category","embeddable":true,"href":"https:\/\/www.ciudadgoticanews.com\/index.php\/wp-json\/wp\/v2\/categories?post=789"},{"taxonomy":"post_tag","embeddable":true,"href":"https:\/\/www.ciudadgoticanews.com\/index.php\/wp-json\/wp\/v2\/tags?post=789"}],"curies":[{"name":"wp","href":"https:\/\/api.w.org\/{rel}","templated":true}]}}