{"id":8094,"date":"2024-04-02T00:02:20","date_gmt":"2024-04-02T04:02:20","guid":{"rendered":"https:\/\/www.ciudadgoticanews.com\/?p=8094"},"modified":"2024-04-02T00:08:08","modified_gmt":"2024-04-02T04:08:08","slug":"leocenis-garcia-y-su-depravado-ascenso-en-los-circulos-del-poder-i-parte","status":"publish","type":"post","link":"https:\/\/www.ciudadgoticanews.com\/index.php\/2024\/04\/02\/leocenis-garcia-y-su-depravado-ascenso-en-los-circulos-del-poder-i-parte\/","title":{"rendered":"Leocenis Garc\u00eda y su depravado ascenso en los c\u00edrculos del poder (I Parte)"},"content":{"rendered":"<p>Hace m\u00e1s de dos d\u00e9cadas, cuando el magnate Tannous Gerges rompi\u00f3 amarras con el FOGADE y abandon\u00f3 las lujosas oficinas de la Torre Brit\u00e1nica, en Caracas, su peri\u00f3dico \u00abReporte, Diario de la Econom\u00eda\u00bb se asent\u00f3 en un modesto edificio de la Urbanizaci\u00f3n Las Mercedes, en la capital venezolana. Fue entonces cuando un prelado, autodenominado \u00abconfesor\u00bb del entonces mandatario Hugo Ch\u00e1vez, se cruz\u00f3 en el camino de Gerges.<\/p>\n<p>Seducido por la promesa de influencias en el r\u00e9gimen bolivariano, el empresario acogi\u00f3 bajo su ala al misterioso cl\u00e9rigo y, de la mano de \u00e9ste, lleg\u00f3 al rotativo un joven provinciano: Leocenis Garc\u00eda. Oriundo de un humilde barrio zuliano y con escasos estudios de periodismo, Garc\u00eda pronto escal\u00f3 posiciones gracias al padrinazgo eclesi\u00e1stico que lo ungi\u00f3 en ese santuario laico de las letras capitalinas.<\/p>\n<p><a href=\"https:\/\/www.ciudadgoticanews.com\/wp-content\/uploads\/2024\/04\/leocenis-garcia000_1.jpg\"><img loading=\"lazy\" decoding=\"async\" class=\"aligncenter size-full wp-image-8106\" src=\"https:\/\/www.ciudadgoticanews.com\/wp-content\/uploads\/2024\/04\/leocenis-garcia000_1.jpg\" alt=\"\" width=\"1200\" height=\"600\" srcset=\"https:\/\/www.ciudadgoticanews.com\/wp-content\/uploads\/2024\/04\/leocenis-garcia000_1.jpg 1200w, https:\/\/www.ciudadgoticanews.com\/wp-content\/uploads\/2024\/04\/leocenis-garcia000_1-300x150.jpg 300w, https:\/\/www.ciudadgoticanews.com\/wp-content\/uploads\/2024\/04\/leocenis-garcia000_1-1024x512.jpg 1024w, https:\/\/www.ciudadgoticanews.com\/wp-content\/uploads\/2024\/04\/leocenis-garcia000_1-768x384.jpg 768w\" sizes=\"auto, (max-width: 1200px) 100vw, 1200px\" \/><\/a><\/p>\n<p>Al arribar Garc\u00eda a \u00abReporte\u00bb, el empresario Tannous Gerges, due\u00f1o del diario, ya hab\u00eda finalizado su relaci\u00f3n con el Fondo de Protecci\u00f3n Social de los Dep\u00f3sitos Bancarios (FOGADE), copropietario de la Torre Brit\u00e1nica en Caracas. Esto llev\u00f3 a Gerges a abandonar un espacioso piso en dicha torre, trasladando sus operaciones a un edificio m\u00e1s peque\u00f1o, de su propiedad, en la Urbanizaci\u00f3n Las Mercedes, tambi\u00e9n en Caracas. All\u00ed, \u00abReporte\u00bb continu\u00f3 su actividad hasta que, eventualmente, ces\u00f3 su circulaci\u00f3n y cerr\u00f3.<\/p>\n<p>Durante el periodo en que el diario operaba desde Las Mercedes, el sacerdote Jos\u00e9 Palmar hizo acto de presencia, estableciendo contacto con Tannous Gerges. Palmar se present\u00f3 como el \u00abconfesor\u00bb y \u00abconsejero espiritual\u00bb del entonces presidente Hugo Ch\u00e1vez, lo que despert\u00f3 el inter\u00e9s de Gerges por establecer lazos con el chavismo. A trav\u00e9s de esta conexi\u00f3n, Gerges entabl\u00f3 amistad con Palmar, y fue bajo su auspicio que Leocenis Garc\u00eda, un bachiller con apenas un semestre cursado en la Escuela de Comunicaci\u00f3n Social de la Universidad del Zulia, ingres\u00f3 a \u00abReporte\u00bb.<\/p>\n<p>Garc\u00eda, originario del humilde barrio El Silencio en Maracaibo, estado Zulia, comenz\u00f3 a recibir oportunidades en \u00abReporte\u00bb gracias a Palmar. A pesar de su juventud y con una apariencia descuidada, caracterizada por trajes mal confeccionados y medias cortas que desentonaban con la elegancia que pretend\u00eda proyectar, Garc\u00eda ascendi\u00f3 r\u00e1pidamente en el peri\u00f3dico, ganando cierto renombre. Anunciantes del diario recuerdan que era com\u00fan verlo cruzar las piernas de manera que revelaba sus medias cortas, una pr\u00e1ctica inusual entre caballeros que buscan reflejar elegancia con medias m\u00e1s largas.<\/p>\n<p>En su rol en \u00abReporte\u00bb, Garc\u00eda no solo se dedic\u00f3 a la redacci\u00f3n de art\u00edculos y columnas de opini\u00f3n, sino que tambi\u00e9n fungi\u00f3 como intermediario entre pol\u00edticos y altos funcionarios del sector petrolero y gas\u00edfero estatal, promoviendo reconciliaciones entre ellos. Se dice que Garc\u00eda logr\u00f3 establecer contacto, ya fuese directo o indirecto, con Rafael Ram\u00edrez, quien en aquel entonces ocupaba los cargos de presidente de Pdvsa y Ministro de Petr\u00f3leo en Venezuela, bajo la administraci\u00f3n de Hugo Ch\u00e1vez. De esta manera, se especula que Garc\u00eda pudo haber obtenido ciertos beneficios derivados de su relaci\u00f3n amistosa con Ram\u00edrez.<\/p>\n<h3><strong>La alianza con Walid Makled y el enfrentamiento con Aeropostal<\/strong><\/h3>\n<figure id=\"attachment_8101\" aria-describedby=\"caption-attachment-8101\" style=\"width: 1200px\" class=\"wp-caption aligncenter\"><a href=\"https:\/\/www.ciudadgoticanews.com\/wp-content\/uploads\/2024\/04\/walid-makled_1.jpg\"><img loading=\"lazy\" decoding=\"async\" class=\"size-full wp-image-8101\" src=\"https:\/\/www.ciudadgoticanews.com\/wp-content\/uploads\/2024\/04\/walid-makled_1.jpg\" alt=\"\" width=\"1200\" height=\"600\" srcset=\"https:\/\/www.ciudadgoticanews.com\/wp-content\/uploads\/2024\/04\/walid-makled_1.jpg 1200w, https:\/\/www.ciudadgoticanews.com\/wp-content\/uploads\/2024\/04\/walid-makled_1-300x150.jpg 300w, https:\/\/www.ciudadgoticanews.com\/wp-content\/uploads\/2024\/04\/walid-makled_1-1024x512.jpg 1024w, https:\/\/www.ciudadgoticanews.com\/wp-content\/uploads\/2024\/04\/walid-makled_1-768x384.jpg 768w\" sizes=\"auto, (max-width: 1200px) 100vw, 1200px\" \/><\/a><figcaption id=\"caption-attachment-8101\" class=\"wp-caption-text\">Walid Makled<\/figcaption><\/figure>\n<p>Aunque en un inicio parec\u00eda un simple pe\u00f3n del magnate Tannous Gerges en su diario \u00abReporte\u00bb, Garc\u00eda pronto teji\u00f3 una intrincada trama de alianzas. Mientras el magnate pugnaba por la adquisici\u00f3n de Aeropostal, el incipiente periodista forj\u00f3 una ins\u00f3lita sociedad con el empresario Walid Makled, rival de Gerges en esa contienda y acusado posteriormente de narcotr\u00e1fico. En medio de la pugna por Aeropostal, \u00abReporte\u00bb se convirti\u00f3 en el escenario de m\u00faltiples acusaciones contra Makled.<\/p>\n<p>Makled, respaldado por el general Luis Felipe Acosta Carlez, conocido por su sobrenombre \u00abel general eructo\u00bb y entonces gobernador del estado Carabobo, logr\u00f3 hacerse de la aerol\u00ednea. No obstante, en un sorprendente vuelco, Garc\u00eda se ali\u00f3 con Makled, convirti\u00e9ndolo en patrocinador de \u00abReporte\u00bb. Curiosamente, se rumorea que dichos fondos nunca llegaron a las arcas de Gerges ni al peri\u00f3dico, y se especula que esta tensa relaci\u00f3n pudo haber influido en el tr\u00e1gico destino de Gerges.<\/p>\n<p>El giro copernicano desat\u00f3 una cruenta guerra medi\u00e1tica contra Makled desde las p\u00e1ginas de \u00abReporte\u00bb, en la que Garc\u00eda habr\u00eda jugado un papel protag\u00f3nico. Algunos apuntan que los violentos desmanes perpetrados por el joven redactor en las instalaciones del diario \u00abEl Peri\u00f3dico\u00bb, tras una reuni\u00f3n con Addala Makled, podr\u00edan estar ligados a estos s\u00f3rdidos intereses.<\/p>\n<p>El 3 de mayo de 2008, los medios venezolanos informaron sobre la detenci\u00f3n de Garc\u00eda por parte de la polic\u00eda de Carabobo tras vandalizar las instalaciones de \u00abEl Peri\u00f3dico\u00bb en Valencia, acto precedido por una reuni\u00f3n privada de Garc\u00eda con Addala Makled, hermano de Walid. Garc\u00eda, visiblemente alterado, habr\u00eda atacado el lugar en un aparente arrebato de furia.<\/p>\n<div style=\"left: 0; width: 100%; height: 0; position: relative; padding-bottom: 75%;\"><iframe style=\"top: 0; left: 0; width: 100%; height: 100%; position: absolute; border: 0;\" src=\"https:\/\/www.youtube.com\/embed\/Xe5EURko2do?rel=0\" scrolling=\"no\" allowfullscreen=\"allowfullscreen\"><\/iframe><\/div>\n<p>&nbsp;<\/p>\n<p>Garc\u00eda, junto con Palmar y Gerges, fue implicado en un caso de extorsi\u00f3n al empresario Wilmer Ruperti, situaci\u00f3n que llev\u00f3 a la prisi\u00f3n del periodista Jos\u00e9 Rafael Ram\u00edrez, quien fuese grabado infraganti en esos menesteres.<\/p>\n<h3><strong>El nacimiento de \u00abSexto Poder\u00bb<\/strong><\/h3>\n<p><a href=\"https:\/\/www.ciudadgoticanews.com\/wp-content\/uploads\/2024\/04\/6to-poder_1.jpg\"><img loading=\"lazy\" decoding=\"async\" class=\"aligncenter size-full wp-image-8104\" src=\"https:\/\/www.ciudadgoticanews.com\/wp-content\/uploads\/2024\/04\/6to-poder_1.jpg\" alt=\"\" width=\"1200\" height=\"692\" srcset=\"https:\/\/www.ciudadgoticanews.com\/wp-content\/uploads\/2024\/04\/6to-poder_1.jpg 1200w, https:\/\/www.ciudadgoticanews.com\/wp-content\/uploads\/2024\/04\/6to-poder_1-300x173.jpg 300w, https:\/\/www.ciudadgoticanews.com\/wp-content\/uploads\/2024\/04\/6to-poder_1-1024x591.jpg 1024w, https:\/\/www.ciudadgoticanews.com\/wp-content\/uploads\/2024\/04\/6to-poder_1-768x443.jpg 768w\" sizes=\"auto, (max-width: 1200px) 100vw, 1200px\" \/><\/a><\/p>\n<p>Posteriormente, Garc\u00eda abandon\u00f3 \u00abReporte\u00bb para fundar \u00abSexto Poder\u00bb, un semanario que se lanz\u00f3 con gran fanfarria y publicidad en CNN en Espa\u00f1ol. Inicialmente, Gerges ejerci\u00f3 cierto control editorial sobre el contenido de \u00abSexto Poder\u00bb, especialmente en las secciones clave, como las primeras y \u00faltimas p\u00e1ginas del semanario. Sin embargo, con el tiempo, el semanario y Garc\u00eda pasaron a estar bajo la influencia de Alberto Federico Ravell, director de Globovisi\u00f3n. Garc\u00eda forj\u00f3 una alianza con Nitu P\u00e9rez Osuna, colaboradora cercana de Ravell, y encargada de mostrarle la gratitud del exaccionista de Globovisi\u00f3n a Garc\u00eda, por las denuncias publicadas en \u00abSexto Poder\u00bb, medio que serv\u00eda como plataforma para los ataques de Ravell contra el chavismo.<\/p>\n<p>Garc\u00eda relat\u00f3 algunas de esas experiencias en una obra autobiogr\u00e1fica, donde revel\u00f3 c\u00f3mo se convirti\u00f3 en el periodista mejor remunerado de Venezuela y describi\u00f3 una celebraci\u00f3n de cumplea\u00f1os en un lujoso hotel caraque\u00f1o, organizada por Ravell y coordinada por P\u00e9rez Osuna, que incluy\u00f3 la presencia de mujeres prepago para amenizar el evento.<\/p>\n<p>En otro cap\u00edtulo de su carrera, Garc\u00eda colabor\u00f3 con la periodista Patricia Poleo en un sitio web que, durante la noche, ofrec\u00eda contenido para adultos con el fin de aumentar su audiencia. Esta asociaci\u00f3n, sin embargo, termin\u00f3 en desacuerdo.<\/p>\n<p>A lo largo de su carrera, Leocenis Garc\u00eda fue la p\u00faa que intereses inconfesables clavaron contra disidentes como el otrora magistrado Eladio Aponte o el traficante Walter Alexander Del Nogal, e incluso contra facciones del propio chavismo. Una verdadera hidra de mil cabezas cuyos tent\u00e1culos ahora se agitan en la arena pol\u00edtica, con el propio Garc\u00eda albergando aspiraciones presidenciales.<\/p>\n","protected":false},"excerpt":{"rendered":"<p>Hace m\u00e1s de dos d\u00e9cadas, cuando el magnate Tannous Gerges rompi\u00f3 amarras con el FOGADE y abandon\u00f3 las lujosas oficinas de la Torre Brit\u00e1nica, en Caracas, su peri\u00f3dico \u00abReporte, Diario de la Econom\u00eda\u00bb se asent\u00f3 en un modesto edificio de la Urbanizaci\u00f3n Las Mercedes, en la capital venezolana. Fue entonces cuando un prelado, autodenominado \u00abconfesor\u00bb [&hellip;]<\/p>\n","protected":false},"author":1,"featured_media":8103,"comment_status":"open","ping_status":"open","sticky":false,"template":"","format":"standard","meta":{"h5ap_radio_sources":[],"footnotes":""},"categories":[1],"tags":[],"class_list":["post-8094","post","type-post","status-publish","format-standard","has-post-thumbnail","hentry","category-ciudadgotica"],"aioseo_notices":[],"_links":{"self":[{"href":"https:\/\/www.ciudadgoticanews.com\/index.php\/wp-json\/wp\/v2\/posts\/8094","targetHints":{"allow":["GET"]}}],"collection":[{"href":"https:\/\/www.ciudadgoticanews.com\/index.php\/wp-json\/wp\/v2\/posts"}],"about":[{"href":"https:\/\/www.ciudadgoticanews.com\/index.php\/wp-json\/wp\/v2\/types\/post"}],"author":[{"embeddable":true,"href":"https:\/\/www.ciudadgoticanews.com\/index.php\/wp-json\/wp\/v2\/users\/1"}],"replies":[{"embeddable":true,"href":"https:\/\/www.ciudadgoticanews.com\/index.php\/wp-json\/wp\/v2\/comments?post=8094"}],"version-history":[{"count":0,"href":"https:\/\/www.ciudadgoticanews.com\/index.php\/wp-json\/wp\/v2\/posts\/8094\/revisions"}],"wp:featuredmedia":[{"embeddable":true,"href":"https:\/\/www.ciudadgoticanews.com\/index.php\/wp-json\/wp\/v2\/media\/8103"}],"wp:attachment":[{"href":"https:\/\/www.ciudadgoticanews.com\/index.php\/wp-json\/wp\/v2\/media?parent=8094"}],"wp:term":[{"taxonomy":"category","embeddable":true,"href":"https:\/\/www.ciudadgoticanews.com\/index.php\/wp-json\/wp\/v2\/categories?post=8094"},{"taxonomy":"post_tag","embeddable":true,"href":"https:\/\/www.ciudadgoticanews.com\/index.php\/wp-json\/wp\/v2\/tags?post=8094"}],"curies":[{"name":"wp","href":"https:\/\/api.w.org\/{rel}","templated":true}]}}