{"id":8418,"date":"2024-04-13T23:12:59","date_gmt":"2024-04-14T03:12:59","guid":{"rendered":"https:\/\/www.ciudadgoticanews.com\/?p=8418"},"modified":"2024-04-13T23:12:59","modified_gmt":"2024-04-14T03:12:59","slug":"asi-fue-la-trifulca-entre-alejandro-hernandez-la-gran-aldea-y-unt","status":"publish","type":"post","link":"https:\/\/www.ciudadgoticanews.com\/index.php\/2024\/04\/13\/asi-fue-la-trifulca-entre-alejandro-hernandez-la-gran-aldea-y-unt\/","title":{"rendered":"As\u00ed fue la trifulca entre Alejandro Hern\u00e1ndez (La Gran Aldea) y (UNT)\u201d"},"content":{"rendered":"\r\n\r\nBorges y actual editor de La Gran Aldea, y los dirigentes de Un Nuevo Tiempo (UNT), Luis Emilio Rond\u00f3n y Carlos Valero.\r\n\r\n \r\n\r\nLos l\u00edderes de la tolda azul desmintieron en la red social X a Hern\u00e1ndez, quien en una publicaci\u00f3n aseguraba que la Plataforma Unitaria (PU) y la l\u00edder opositora, Mar\u00eda Corina Machado, estaban a la espera de la respuesta a una supuesta reuni\u00f3n a la que hab\u00edan invitado al gobernador Manuel Rosales.\r\n\r\n \r\n\r\nRond\u00f3n y Valero, en representaci\u00f3n de UNT, organizaci\u00f3n que lidera Rosales, refutaron la afirmaci\u00f3n de Hern\u00e1ndez, poniendo en duda su credibilidad como periodista, al publicar informaci\u00f3n sin corroborar con las partes involucradas.\r\n\r\n \r\n<blockquote class=\"twitter-tweet\">\r\n<p dir=\"ltr\" lang=\"es\">#11:40 am fuentes de la Plataforma Unitaria informan que a\u00fan no han recibido respuesta de <a href=\"https:\/\/twitter.com\/manuelrosalesg?ref_src=twsrc%5Etfw\">@manuelrosalesg<\/a> a la solicitud hecha el pasado martes, para una reuni\u00f3n entre los miembros de dicha instancia, <a href=\"https:\/\/twitter.com\/MariaCorinaYA?ref_src=twsrc%5Etfw\">@MariaCorinaYA<\/a> y el gobernador del Zulia.<\/p>\r\n\r\n\u2014 Alejandro Hern\u00e1ndez (@ahernandezof) <a href=\"https:\/\/twitter.com\/ahernandezof\/status\/1779188054097293748?ref_src=twsrc%5Etfw\">April 13, 2024<\/a><\/blockquote>\r\n \r\n\r\n\u201cEsa informaci\u00f3n es incorrecta, el periodismo serio debe informar, no desinformar\u201d, respondi\u00f3 Rond\u00f3n a Hern\u00e1ndez, en un mensaje en el que resalt\u00f3 que hasta la fecha el periodista solo publica informaci\u00f3n en contra de UNT \u201ccon una sola versi\u00f3n\u201d.\r\n\r\n \r\n\r\nComo representante de UNT ante la PU, Rond\u00f3n desminti\u00f3 la informaci\u00f3n y acus\u00f3 a Hern\u00e1ndez de actuar con un \u201csesgo pol\u00edtico\u201d hac\u00eda Rosales y UNT, como queda demostrado en sus \u00faltimas publicaciones.\r\n\r\n \r\n\r\nPor su parte, Valero record\u00f3 al periodista la importancia de \u201cconstatar\u201d con la parte involucrada la informaci\u00f3n que, en este caso sostiene, es \u201cabsolutamente falsa\u201d.\r\n\r\n \r\n\r\n\u201cC\u00f3mo ya lo hemos dicho desde la Direcci\u00f3n Nacional de UNT, sr. Hern\u00e1ndez, quien debe ser responsable (por profesi\u00f3n y por \u00e9tica), es usted como periodista. Inform\u00f3 sobre una reuni\u00f3n que es falsa, que no ha sido convocada. Est\u00e1 mintiendo, Manuel Rosales no ha sido invitado a tal encuentro\u201d, recalc\u00f3.\r\n\r\n \r\n<blockquote class=\"twitter-tweet\">\r\n<p dir=\"ltr\" lang=\"es\">C\u00f3mo ya lo hemos dicho desde la Direcci\u00f3n Nacional de UNT, Sr. Hern\u00e1ndez, quien debe ser responsable (por profesi\u00f3n y por \u00e9tica) es Ud como periodista. Inform\u00f3 sobre una reuni\u00f3n que es falsa, que no ha sido convocada. Est\u00e1 mintiendo, Manuel Rosales no ha sido invitado a tal <a href=\"https:\/\/t.co\/WAuaUU0EQN\">https:\/\/t.co\/WAuaUU0EQN<\/a><\/p>\r\n\r\n\u2014 Carlos Valero (@CarlosValero08) <a href=\"https:\/\/twitter.com\/CarlosValero08\/status\/1779264407677141125?ref_src=twsrc%5Etfw\">April 13, 2024<\/a><\/blockquote>\r\n \r\n\r\nValero indic\u00f3 que desde UNT han insistido en la necesidad de mantenerse en sesi\u00f3n permanente dentro de la Palataforma Unitaria, como mecanismo de di\u00e1logo \u201cpara darle certezas\u201d a los venezolanos.\r\n\r\n \r\n\r\nAdem\u00e1s, lo invit\u00f3 a comunicarse con el equipo de prensa de la tolda azul para pr\u00f3ximas informaciones.\r\n\r\n \r\n\r\nPor QPVenezuela\r\n\r\n","protected":false},"excerpt":{"rendered":"<p>Borges y actual editor de La Gran Aldea, y los dirigentes de Un Nuevo Tiempo (UNT), Luis Emilio Rond\u00f3n y Carlos Valero. Los l\u00edderes de la tolda azul desmintieron en la red social X a Hern\u00e1ndez, quien en una publicaci\u00f3n aseguraba que la Plataforma Unitaria (PU) y la l\u00edder opositora, Mar\u00eda Corina Machado, estaban a [&hellip;]<\/p>\n","protected":false},"author":1,"featured_media":8419,"comment_status":"open","ping_status":"open","sticky":false,"template":"","format":"standard","meta":{"h5ap_radio_sources":[],"footnotes":""},"categories":[9],"tags":[],"class_list":["post-8418","post","type-post","status-publish","format-standard","has-post-thumbnail","hentry","category-venezuela"],"aioseo_notices":[],"_links":{"self":[{"href":"https:\/\/www.ciudadgoticanews.com\/index.php\/wp-json\/wp\/v2\/posts\/8418","targetHints":{"allow":["GET"]}}],"collection":[{"href":"https:\/\/www.ciudadgoticanews.com\/index.php\/wp-json\/wp\/v2\/posts"}],"about":[{"href":"https:\/\/www.ciudadgoticanews.com\/index.php\/wp-json\/wp\/v2\/types\/post"}],"author":[{"embeddable":true,"href":"https:\/\/www.ciudadgoticanews.com\/index.php\/wp-json\/wp\/v2\/users\/1"}],"replies":[{"embeddable":true,"href":"https:\/\/www.ciudadgoticanews.com\/index.php\/wp-json\/wp\/v2\/comments?post=8418"}],"version-history":[{"count":0,"href":"https:\/\/www.ciudadgoticanews.com\/index.php\/wp-json\/wp\/v2\/posts\/8418\/revisions"}],"wp:featuredmedia":[{"embeddable":true,"href":"https:\/\/www.ciudadgoticanews.com\/index.php\/wp-json\/wp\/v2\/media\/8419"}],"wp:attachment":[{"href":"https:\/\/www.ciudadgoticanews.com\/index.php\/wp-json\/wp\/v2\/media?parent=8418"}],"wp:term":[{"taxonomy":"category","embeddable":true,"href":"https:\/\/www.ciudadgoticanews.com\/index.php\/wp-json\/wp\/v2\/categories?post=8418"},{"taxonomy":"post_tag","embeddable":true,"href":"https:\/\/www.ciudadgoticanews.com\/index.php\/wp-json\/wp\/v2\/tags?post=8418"}],"curies":[{"name":"wp","href":"https:\/\/api.w.org\/{rel}","templated":true}]}}