{"id":8421,"date":"2024-04-14T19:13:06","date_gmt":"2024-04-14T23:13:06","guid":{"rendered":"https:\/\/www.ciudadgoticanews.com\/?p=8421"},"modified":"2024-04-14T19:13:06","modified_gmt":"2024-04-14T23:13:06","slug":"primero-justicia-redoblara-esfuerzos-para-que-maria-corina-machado-y-manuel-rosales-puedan-reunirse","status":"publish","type":"post","link":"https:\/\/www.ciudadgoticanews.com\/index.php\/2024\/04\/14\/primero-justicia-redoblara-esfuerzos-para-que-maria-corina-machado-y-manuel-rosales-puedan-reunirse\/","title":{"rendered":"Primero Justicia \u00abredoblar\u00e1 esfuerzos\u00bb para que Mar\u00eda Corina Machado y Manuel Rosales puedan reunirse"},"content":{"rendered":"\r\n\r\nEl Comit\u00e9 Pol\u00edtico de Primero Justicia decidi\u00f3 este s\u00e1bado redoblar sus esfuerzos para que Mar\u00eda Corina Machado y Manuel Rosales puedan reunirse y decidir el futuro de la candidatura opositora.\r\n\r\n \r\n\r\n\u00abHemos hecho diferentes intentos para concretar la reuni\u00f3n tripartita, siendo que la mayor\u00eda de los partidos de la Plataforma Unitaria Democr\u00e1tica est\u00e1n de acuerdo con la urgencia de la reuni\u00f3n y est\u00e1n dispuestos a llevarla a cabo, sin embargo, a\u00fan no se ha materializado\u201d, informaron a trav\u00e9s de su cuenta en X.\r\n\r\n \r\n\r\nLa tolda aurinegra aspira que los \u00abbuenos oficios\u00bb del secretario de la Plataforma Unitaria \u00abrinda frutos\u00bb para que la reuni\u00f3n se materialice en las pr\u00f3ximas horas.\r\n\r\n \r\n<blockquote class=\"twitter-tweet\">\r\n<p dir=\"ltr\" lang=\"es\">El pasado 10 de abril, Mar\u00eda Corina Machado propuso a la Plataforma Unitaria Democr\u00e1tica convocar una reuni\u00f3n en donde participaran: Los partidos de la PUD, Manuel Rosales y Mar\u00eda Corina Machado.\r\n\r\nEl prop\u00f3sito de la reuni\u00f3n es construir una opci\u00f3n electoral unitaria y viable que\u2026<\/p>\r\n\r\n\u2014 Primero Justicia (@Pr1meroJusticia) <a href=\"https:\/\/twitter.com\/Pr1meroJusticia\/status\/1779636061750116669?ref_src=twsrc%5Etfw\">April 14, 2024<\/a><\/blockquote>\r\n \r\n\r\n&nbsp;\r\n\r\n","protected":false},"excerpt":{"rendered":"<p>El Comit\u00e9 Pol\u00edtico de Primero Justicia decidi\u00f3 este s\u00e1bado redoblar sus esfuerzos para que Mar\u00eda Corina Machado y Manuel Rosales puedan reunirse y decidir el futuro de la candidatura opositora. \u00abHemos hecho diferentes intentos para concretar la reuni\u00f3n tripartita, siendo que la mayor\u00eda de los partidos de la Plataforma Unitaria Democr\u00e1tica est\u00e1n de acuerdo con [&hellip;]<\/p>\n","protected":false},"author":1,"featured_media":8422,"comment_status":"open","ping_status":"open","sticky":false,"template":"","format":"standard","meta":{"h5ap_radio_sources":[],"footnotes":""},"categories":[9],"tags":[],"class_list":["post-8421","post","type-post","status-publish","format-standard","has-post-thumbnail","hentry","category-venezuela"],"aioseo_notices":[],"_links":{"self":[{"href":"https:\/\/www.ciudadgoticanews.com\/index.php\/wp-json\/wp\/v2\/posts\/8421","targetHints":{"allow":["GET"]}}],"collection":[{"href":"https:\/\/www.ciudadgoticanews.com\/index.php\/wp-json\/wp\/v2\/posts"}],"about":[{"href":"https:\/\/www.ciudadgoticanews.com\/index.php\/wp-json\/wp\/v2\/types\/post"}],"author":[{"embeddable":true,"href":"https:\/\/www.ciudadgoticanews.com\/index.php\/wp-json\/wp\/v2\/users\/1"}],"replies":[{"embeddable":true,"href":"https:\/\/www.ciudadgoticanews.com\/index.php\/wp-json\/wp\/v2\/comments?post=8421"}],"version-history":[{"count":0,"href":"https:\/\/www.ciudadgoticanews.com\/index.php\/wp-json\/wp\/v2\/posts\/8421\/revisions"}],"wp:featuredmedia":[{"embeddable":true,"href":"https:\/\/www.ciudadgoticanews.com\/index.php\/wp-json\/wp\/v2\/media\/8422"}],"wp:attachment":[{"href":"https:\/\/www.ciudadgoticanews.com\/index.php\/wp-json\/wp\/v2\/media?parent=8421"}],"wp:term":[{"taxonomy":"category","embeddable":true,"href":"https:\/\/www.ciudadgoticanews.com\/index.php\/wp-json\/wp\/v2\/categories?post=8421"},{"taxonomy":"post_tag","embeddable":true,"href":"https:\/\/www.ciudadgoticanews.com\/index.php\/wp-json\/wp\/v2\/tags?post=8421"}],"curies":[{"name":"wp","href":"https:\/\/api.w.org\/{rel}","templated":true}]}}