{"id":8429,"date":"2024-04-15T07:08:24","date_gmt":"2024-04-15T11:08:24","guid":{"rendered":"https:\/\/www.ciudadgoticanews.com\/?p=8429"},"modified":"2024-04-15T18:30:21","modified_gmt":"2024-04-15T22:30:21","slug":"luis-ernesto-cortez-protagonista-de-la-excentrica-boda-con-chyno-y-nacho-en-puerto-la-cruz-ha-estado-a-cargo-en-venezuela-de-construcciones-de-lujo-para-enchufados","status":"publish","type":"post","link":"https:\/\/www.ciudadgoticanews.com\/index.php\/2024\/04\/15\/luis-ernesto-cortez-protagonista-de-la-excentrica-boda-con-chyno-y-nacho-en-puerto-la-cruz-ha-estado-a-cargo-en-venezuela-de-construcciones-de-lujo-para-enchufados\/","title":{"rendered":"Luis Ernesto Cortez, protagonista de la exc\u00e9ntrica boda a la que asistieron Chyno y Nacho en Puerto La Cruz, ha estado a cargo en Venezuela de construcciones de lujo para enchufados"},"content":{"rendered":"<p>Bajo los reflectores de una noche incomparable, el Club Sirio se visti\u00f3 de gala, al Oriente de Venezuela, para presenciar el despliegue de una celebraci\u00f3n nupcial que acapar\u00f3 las miradas de propios y extra\u00f1os. Entre las pintorescas ciudades de Lecher\u00eda y Puerto La Cruz, en el estado Anzo\u00e1tegui, una boda dej\u00f3 boquiabiertos a los asistentes cuando el d\u00fao musical Chyno y Nacho irrumpi\u00f3 inesperadamente en escena, emergiendo de una colosal caja frente a los reci\u00e9n casados.<\/p>\n<p>Los ecos de \u00abMi ni\u00f1a bonita\u00bb resonaron en el recinto despu\u00e9s que los flamantes esposos, Luis Ernesto Cortez y Stephany Mardelli, desataran el lazo que envolv\u00eda el peculiar obsequio, supuestamente un gesto de un amigo cercano. En medio del regocijo y la celebraci\u00f3n, un detalle no pas\u00f3 inadvertido: el semblante inexpresivo del cantante Chyno durante su interpretaci\u00f3n de \u00abMi ni\u00f1a bonita\u00bb frente a los reci\u00e9n casados, algo que, m\u00e1s que empa\u00f1ar el momento, se sum\u00f3 a la singularidad de un evento que trascendi\u00f3 los l\u00edmites de una boda convencional.<\/p>\n<div style=\"left: 0; width: 100%; height: 0; position: relative; padding-bottom: 56.0081%;\"><iframe style=\"top: 0; left: 0; width: 100%; height: 100%; position: absolute; border: 0;\" src=\"https:\/\/ok.ru\/videoembed\/6756819470849\" scrolling=\"no\" allowfullscreen=\"allowfullscreen\"><\/iframe><\/div>\n<p>&nbsp;<\/p>\n<p>Lejos de ser una velada tradicional, el evento derroch\u00f3 opulencia y refinamiento en cada rinc\u00f3n. La decoraci\u00f3n, orquestada por la renombrada agencia Beverly Hills, transport\u00f3 a los presentes a una \u00abV\u00eda l\u00e1ctea\u00bb de ensue\u00f1o, llena de luces simulando estrellas, donde las rosas blancas reinaban en un mar de luces deslumbrantes. Un monumental pastel de bodas coronaba la escena, mientras los ritmos del DJ Hex amenizaban la celebraci\u00f3n. Beverly Hills hab\u00eda organizado ya, unos meses antes y tambi\u00e9n a lo grande, una fiesta de 15 a\u00f1os para una de las m\u00e1s j\u00f3venes de la familia Mardelli.<\/p>\n<div id='gallery-1' class='gallery galleryid-8429 gallery-columns-1 gallery-size-full'><figure class='gallery-item'>\n\t\t\t<div class='gallery-icon portrait'>\n\t\t\t\t<a href='https:\/\/www.ciudadgoticanews.com\/wp-content\/uploads\/2024\/04\/Stephany-Mardelli-Luis-Eduardo-Cortez-2_2.jpg'><img loading=\"lazy\" decoding=\"async\" width=\"1200\" height=\"1499\" src=\"https:\/\/www.ciudadgoticanews.com\/wp-content\/uploads\/2024\/04\/Stephany-Mardelli-Luis-Eduardo-Cortez-2_2.jpg\" class=\"attachment-full size-full\" alt=\"\" srcset=\"https:\/\/www.ciudadgoticanews.com\/wp-content\/uploads\/2024\/04\/Stephany-Mardelli-Luis-Eduardo-Cortez-2_2.jpg 1200w, https:\/\/www.ciudadgoticanews.com\/wp-content\/uploads\/2024\/04\/Stephany-Mardelli-Luis-Eduardo-Cortez-2_2-240x300.jpg 240w, https:\/\/www.ciudadgoticanews.com\/wp-content\/uploads\/2024\/04\/Stephany-Mardelli-Luis-Eduardo-Cortez-2_2-820x1024.jpg 820w, https:\/\/www.ciudadgoticanews.com\/wp-content\/uploads\/2024\/04\/Stephany-Mardelli-Luis-Eduardo-Cortez-2_2-768x959.jpg 768w\" sizes=\"auto, (max-width: 1200px) 100vw, 1200px\" \/><\/a>\n\t\t\t<\/div><\/figure><figure class='gallery-item'>\n\t\t\t<div class='gallery-icon portrait'>\n\t\t\t\t<a href='https:\/\/www.ciudadgoticanews.com\/wp-content\/uploads\/2024\/04\/Stephany-Mardelli-Luis-Eduardo-Cortez-1_1.jpg'><img loading=\"lazy\" decoding=\"async\" width=\"1200\" height=\"1497\" src=\"https:\/\/www.ciudadgoticanews.com\/wp-content\/uploads\/2024\/04\/Stephany-Mardelli-Luis-Eduardo-Cortez-1_1.jpg\" class=\"attachment-full size-full\" alt=\"\" srcset=\"https:\/\/www.ciudadgoticanews.com\/wp-content\/uploads\/2024\/04\/Stephany-Mardelli-Luis-Eduardo-Cortez-1_1.jpg 1200w, https:\/\/www.ciudadgoticanews.com\/wp-content\/uploads\/2024\/04\/Stephany-Mardelli-Luis-Eduardo-Cortez-1_1-240x300.jpg 240w, https:\/\/www.ciudadgoticanews.com\/wp-content\/uploads\/2024\/04\/Stephany-Mardelli-Luis-Eduardo-Cortez-1_1-821x1024.jpg 821w, https:\/\/www.ciudadgoticanews.com\/wp-content\/uploads\/2024\/04\/Stephany-Mardelli-Luis-Eduardo-Cortez-1_1-768x958.jpg 768w\" sizes=\"auto, (max-width: 1200px) 100vw, 1200px\" \/><\/a>\n\t\t\t<\/div><\/figure>\n\t\t<\/div>\n\n<p>La ceremonia nupcial tuvo lugar en la Iglesia San Jorge, en Puerto La Cruz, donde la novia Stephany Mardelli desfil\u00f3 con un vestido rom\u00e1ntico de la prestigiosa marca espa\u00f1ola Rosa Clar\u00e1, complementado con zapatos de Calzados Ezio. Un momento que marc\u00f3 el preludio de una uni\u00f3n que hab\u00eda echado ra\u00edces meses atr\u00e1s, cuando la pareja sell\u00f3 su compromiso en abril de 2023 en una posada de Los Altos de Santa Fe, un pueblo tur\u00edstico monta\u00f1oso del estado Sucre.<\/p>\n<div style=\"left: 0; width: 100%; height: 0; position: relative; padding-bottom: 56.0081%;\"><iframe style=\"top: 0; left: 0; width: 100%; height: 100%; position: absolute; border: 0;\" src=\"https:\/\/ok.ru\/videoembed\/6756714154497\" scrolling=\"no\" allowfullscreen=\"allowfullscreen\"><\/iframe><\/div>\n<div id='gallery-2' class='gallery galleryid-8429 gallery-columns-1 gallery-size-full'><figure class='gallery-item'>\n\t\t\t<div class='gallery-icon portrait'>\n\t\t\t\t<a href='https:\/\/www.ciudadgoticanews.com\/wp-content\/uploads\/2024\/04\/Stephany-Mardelli-Luis-Eduardo-Cortez-5_5.jpg'><img loading=\"lazy\" decoding=\"async\" width=\"1200\" height=\"1498\" src=\"https:\/\/www.ciudadgoticanews.com\/wp-content\/uploads\/2024\/04\/Stephany-Mardelli-Luis-Eduardo-Cortez-5_5.jpg\" class=\"attachment-full size-full\" alt=\"\" aria-describedby=\"gallery-2-8443\" srcset=\"https:\/\/www.ciudadgoticanews.com\/wp-content\/uploads\/2024\/04\/Stephany-Mardelli-Luis-Eduardo-Cortez-5_5.jpg 1200w, https:\/\/www.ciudadgoticanews.com\/wp-content\/uploads\/2024\/04\/Stephany-Mardelli-Luis-Eduardo-Cortez-5_5-240x300.jpg 240w, https:\/\/www.ciudadgoticanews.com\/wp-content\/uploads\/2024\/04\/Stephany-Mardelli-Luis-Eduardo-Cortez-5_5-820x1024.jpg 820w, https:\/\/www.ciudadgoticanews.com\/wp-content\/uploads\/2024\/04\/Stephany-Mardelli-Luis-Eduardo-Cortez-5_5-768x959.jpg 768w\" sizes=\"auto, (max-width: 1200px) 100vw, 1200px\" \/><\/a>\n\t\t\t<\/div>\n\t\t\t\t<figcaption class='wp-caption-text gallery-caption' id='gallery-2-8443'>\n\t\t\t\tJorge Mardelli Nayati lleva del brazo a su hija Stephany Mardelli\n\t\t\t\t<\/figcaption><\/figure><figure class='gallery-item'>\n\t\t\t<div class='gallery-icon portrait'>\n\t\t\t\t<a href='https:\/\/www.ciudadgoticanews.com\/wp-content\/uploads\/2024\/04\/Stephany-Mardelli-Luis-Eduardo-Cortez-4_4.jpg'><img loading=\"lazy\" decoding=\"async\" width=\"1200\" height=\"1498\" src=\"https:\/\/www.ciudadgoticanews.com\/wp-content\/uploads\/2024\/04\/Stephany-Mardelli-Luis-Eduardo-Cortez-4_4.jpg\" class=\"attachment-full size-full\" alt=\"\" srcset=\"https:\/\/www.ciudadgoticanews.com\/wp-content\/uploads\/2024\/04\/Stephany-Mardelli-Luis-Eduardo-Cortez-4_4.jpg 1200w, https:\/\/www.ciudadgoticanews.com\/wp-content\/uploads\/2024\/04\/Stephany-Mardelli-Luis-Eduardo-Cortez-4_4-240x300.jpg 240w, https:\/\/www.ciudadgoticanews.com\/wp-content\/uploads\/2024\/04\/Stephany-Mardelli-Luis-Eduardo-Cortez-4_4-820x1024.jpg 820w, https:\/\/www.ciudadgoticanews.com\/wp-content\/uploads\/2024\/04\/Stephany-Mardelli-Luis-Eduardo-Cortez-4_4-768x959.jpg 768w\" sizes=\"auto, (max-width: 1200px) 100vw, 1200px\" \/><\/a>\n\t\t\t<\/div><\/figure><figure class='gallery-item'>\n\t\t\t<div class='gallery-icon portrait'>\n\t\t\t\t<a href='https:\/\/www.ciudadgoticanews.com\/wp-content\/uploads\/2024\/04\/Stephany-Mardelli-Luis-Eduardo-Cortez-6_6.jpg'><img loading=\"lazy\" decoding=\"async\" width=\"1200\" height=\"1500\" src=\"https:\/\/www.ciudadgoticanews.com\/wp-content\/uploads\/2024\/04\/Stephany-Mardelli-Luis-Eduardo-Cortez-6_6.jpg\" class=\"attachment-full size-full\" alt=\"\" srcset=\"https:\/\/www.ciudadgoticanews.com\/wp-content\/uploads\/2024\/04\/Stephany-Mardelli-Luis-Eduardo-Cortez-6_6.jpg 1200w, https:\/\/www.ciudadgoticanews.com\/wp-content\/uploads\/2024\/04\/Stephany-Mardelli-Luis-Eduardo-Cortez-6_6-240x300.jpg 240w, https:\/\/www.ciudadgoticanews.com\/wp-content\/uploads\/2024\/04\/Stephany-Mardelli-Luis-Eduardo-Cortez-6_6-819x1024.jpg 819w, https:\/\/www.ciudadgoticanews.com\/wp-content\/uploads\/2024\/04\/Stephany-Mardelli-Luis-Eduardo-Cortez-6_6-768x960.jpg 768w\" sizes=\"auto, (max-width: 1200px) 100vw, 1200px\" \/><\/a>\n\t\t\t<\/div><\/figure><figure class='gallery-item'>\n\t\t\t<div class='gallery-icon portrait'>\n\t\t\t\t<a href='https:\/\/www.ciudadgoticanews.com\/wp-content\/uploads\/2024\/04\/Stephany-Mardelli-Luis-Eduardo-Cortez-3_3.jpg'><img loading=\"lazy\" decoding=\"async\" width=\"1200\" height=\"1499\" src=\"https:\/\/www.ciudadgoticanews.com\/wp-content\/uploads\/2024\/04\/Stephany-Mardelli-Luis-Eduardo-Cortez-3_3.jpg\" class=\"attachment-full size-full\" alt=\"\" srcset=\"https:\/\/www.ciudadgoticanews.com\/wp-content\/uploads\/2024\/04\/Stephany-Mardelli-Luis-Eduardo-Cortez-3_3.jpg 1200w, https:\/\/www.ciudadgoticanews.com\/wp-content\/uploads\/2024\/04\/Stephany-Mardelli-Luis-Eduardo-Cortez-3_3-240x300.jpg 240w, https:\/\/www.ciudadgoticanews.com\/wp-content\/uploads\/2024\/04\/Stephany-Mardelli-Luis-Eduardo-Cortez-3_3-820x1024.jpg 820w, https:\/\/www.ciudadgoticanews.com\/wp-content\/uploads\/2024\/04\/Stephany-Mardelli-Luis-Eduardo-Cortez-3_3-768x959.jpg 768w\" sizes=\"auto, (max-width: 1200px) 100vw, 1200px\" \/><\/a>\n\t\t\t<\/div><\/figure>\n\t\t<\/div>\n\n<p>Mientras el regocijo inundaba los corazones de los reci\u00e9n casados, las redes sociales se encend\u00edan con comentarios que reflejaban la sorpresa y el asombro ante semejante despliegue de lujo y ostentaci\u00f3n. Una boda que, sin duda, ha dejado una huella imborrable en la memoria colectiva de muchos venezolanos.<\/p>\n<div id='gallery-3' class='gallery galleryid-8429 gallery-columns-1 gallery-size-full'><figure class='gallery-item'>\n\t\t\t<div class='gallery-icon portrait'>\n\t\t\t\t<a href='https:\/\/www.ciudadgoticanews.com\/wp-content\/uploads\/2024\/04\/Stephany-Mardelli-Luis-Eduardo-Cortez-7_7.jpg'><img loading=\"lazy\" decoding=\"async\" width=\"1200\" height=\"1498\" src=\"https:\/\/www.ciudadgoticanews.com\/wp-content\/uploads\/2024\/04\/Stephany-Mardelli-Luis-Eduardo-Cortez-7_7.jpg\" class=\"attachment-full size-full\" alt=\"\" srcset=\"https:\/\/www.ciudadgoticanews.com\/wp-content\/uploads\/2024\/04\/Stephany-Mardelli-Luis-Eduardo-Cortez-7_7.jpg 1200w, https:\/\/www.ciudadgoticanews.com\/wp-content\/uploads\/2024\/04\/Stephany-Mardelli-Luis-Eduardo-Cortez-7_7-240x300.jpg 240w, https:\/\/www.ciudadgoticanews.com\/wp-content\/uploads\/2024\/04\/Stephany-Mardelli-Luis-Eduardo-Cortez-7_7-820x1024.jpg 820w, https:\/\/www.ciudadgoticanews.com\/wp-content\/uploads\/2024\/04\/Stephany-Mardelli-Luis-Eduardo-Cortez-7_7-768x959.jpg 768w\" sizes=\"auto, (max-width: 1200px) 100vw, 1200px\" \/><\/a>\n\t\t\t<\/div><\/figure><figure class='gallery-item'>\n\t\t\t<div class='gallery-icon portrait'>\n\t\t\t\t<a href='https:\/\/www.ciudadgoticanews.com\/wp-content\/uploads\/2024\/04\/Stephany-Mardelli-Luis-Eduardo-Cortez-8_8.jpg'><img loading=\"lazy\" decoding=\"async\" width=\"1200\" height=\"1498\" src=\"https:\/\/www.ciudadgoticanews.com\/wp-content\/uploads\/2024\/04\/Stephany-Mardelli-Luis-Eduardo-Cortez-8_8.jpg\" class=\"attachment-full size-full\" alt=\"\" srcset=\"https:\/\/www.ciudadgoticanews.com\/wp-content\/uploads\/2024\/04\/Stephany-Mardelli-Luis-Eduardo-Cortez-8_8.jpg 1200w, https:\/\/www.ciudadgoticanews.com\/wp-content\/uploads\/2024\/04\/Stephany-Mardelli-Luis-Eduardo-Cortez-8_8-240x300.jpg 240w, https:\/\/www.ciudadgoticanews.com\/wp-content\/uploads\/2024\/04\/Stephany-Mardelli-Luis-Eduardo-Cortez-8_8-820x1024.jpg 820w, https:\/\/www.ciudadgoticanews.com\/wp-content\/uploads\/2024\/04\/Stephany-Mardelli-Luis-Eduardo-Cortez-8_8-768x959.jpg 768w\" sizes=\"auto, (max-width: 1200px) 100vw, 1200px\" \/><\/a>\n\t\t\t<\/div><\/figure><figure class='gallery-item'>\n\t\t\t<div class='gallery-icon portrait'>\n\t\t\t\t<a href='https:\/\/www.ciudadgoticanews.com\/wp-content\/uploads\/2024\/04\/Stephany-Mardelli-Luis-Eduardo-Cortez-1_1-1.jpg'><img loading=\"lazy\" decoding=\"async\" width=\"1200\" height=\"1500\" src=\"https:\/\/www.ciudadgoticanews.com\/wp-content\/uploads\/2024\/04\/Stephany-Mardelli-Luis-Eduardo-Cortez-1_1-1.jpg\" class=\"attachment-full size-full\" alt=\"\" srcset=\"https:\/\/www.ciudadgoticanews.com\/wp-content\/uploads\/2024\/04\/Stephany-Mardelli-Luis-Eduardo-Cortez-1_1-1.jpg 1200w, https:\/\/www.ciudadgoticanews.com\/wp-content\/uploads\/2024\/04\/Stephany-Mardelli-Luis-Eduardo-Cortez-1_1-1-240x300.jpg 240w, https:\/\/www.ciudadgoticanews.com\/wp-content\/uploads\/2024\/04\/Stephany-Mardelli-Luis-Eduardo-Cortez-1_1-1-819x1024.jpg 819w, https:\/\/www.ciudadgoticanews.com\/wp-content\/uploads\/2024\/04\/Stephany-Mardelli-Luis-Eduardo-Cortez-1_1-1-768x960.jpg 768w\" sizes=\"auto, (max-width: 1200px) 100vw, 1200px\" \/><\/a>\n\t\t\t<\/div><\/figure><figure class='gallery-item'>\n\t\t\t<div class='gallery-icon portrait'>\n\t\t\t\t<a href='https:\/\/www.ciudadgoticanews.com\/wp-content\/uploads\/2024\/04\/Stephany-Mardelli-Luis-Eduardo-Cortez-2_2-1.jpg'><img loading=\"lazy\" decoding=\"async\" width=\"1200\" height=\"1499\" src=\"https:\/\/www.ciudadgoticanews.com\/wp-content\/uploads\/2024\/04\/Stephany-Mardelli-Luis-Eduardo-Cortez-2_2-1.jpg\" class=\"attachment-full size-full\" alt=\"\" srcset=\"https:\/\/www.ciudadgoticanews.com\/wp-content\/uploads\/2024\/04\/Stephany-Mardelli-Luis-Eduardo-Cortez-2_2-1.jpg 1200w, https:\/\/www.ciudadgoticanews.com\/wp-content\/uploads\/2024\/04\/Stephany-Mardelli-Luis-Eduardo-Cortez-2_2-1-240x300.jpg 240w, https:\/\/www.ciudadgoticanews.com\/wp-content\/uploads\/2024\/04\/Stephany-Mardelli-Luis-Eduardo-Cortez-2_2-1-820x1024.jpg 820w, https:\/\/www.ciudadgoticanews.com\/wp-content\/uploads\/2024\/04\/Stephany-Mardelli-Luis-Eduardo-Cortez-2_2-1-768x959.jpg 768w\" sizes=\"auto, (max-width: 1200px) 100vw, 1200px\" \/><\/a>\n\t\t\t<\/div><\/figure><figure class='gallery-item'>\n\t\t\t<div class='gallery-icon portrait'>\n\t\t\t\t<a href='https:\/\/www.ciudadgoticanews.com\/wp-content\/uploads\/2024\/04\/Stephany-Mardelli-Luis-Eduardo-Cortez-3_3-1.jpg'><img loading=\"lazy\" decoding=\"async\" width=\"1200\" height=\"1499\" src=\"https:\/\/www.ciudadgoticanews.com\/wp-content\/uploads\/2024\/04\/Stephany-Mardelli-Luis-Eduardo-Cortez-3_3-1.jpg\" class=\"attachment-full size-full\" alt=\"\" srcset=\"https:\/\/www.ciudadgoticanews.com\/wp-content\/uploads\/2024\/04\/Stephany-Mardelli-Luis-Eduardo-Cortez-3_3-1.jpg 1200w, https:\/\/www.ciudadgoticanews.com\/wp-content\/uploads\/2024\/04\/Stephany-Mardelli-Luis-Eduardo-Cortez-3_3-1-240x300.jpg 240w, https:\/\/www.ciudadgoticanews.com\/wp-content\/uploads\/2024\/04\/Stephany-Mardelli-Luis-Eduardo-Cortez-3_3-1-820x1024.jpg 820w, https:\/\/www.ciudadgoticanews.com\/wp-content\/uploads\/2024\/04\/Stephany-Mardelli-Luis-Eduardo-Cortez-3_3-1-768x959.jpg 768w\" sizes=\"auto, (max-width: 1200px) 100vw, 1200px\" \/><\/a>\n\t\t\t<\/div><\/figure><figure class='gallery-item'>\n\t\t\t<div class='gallery-icon portrait'>\n\t\t\t\t<a href='https:\/\/www.ciudadgoticanews.com\/wp-content\/uploads\/2024\/04\/Stephany-Mardelli-Luis-Eduardo-Cortez-4_4-1.jpg'><img loading=\"lazy\" decoding=\"async\" width=\"1200\" height=\"1499\" src=\"https:\/\/www.ciudadgoticanews.com\/wp-content\/uploads\/2024\/04\/Stephany-Mardelli-Luis-Eduardo-Cortez-4_4-1.jpg\" class=\"attachment-full size-full\" alt=\"\" srcset=\"https:\/\/www.ciudadgoticanews.com\/wp-content\/uploads\/2024\/04\/Stephany-Mardelli-Luis-Eduardo-Cortez-4_4-1.jpg 1200w, https:\/\/www.ciudadgoticanews.com\/wp-content\/uploads\/2024\/04\/Stephany-Mardelli-Luis-Eduardo-Cortez-4_4-1-240x300.jpg 240w, https:\/\/www.ciudadgoticanews.com\/wp-content\/uploads\/2024\/04\/Stephany-Mardelli-Luis-Eduardo-Cortez-4_4-1-820x1024.jpg 820w, https:\/\/www.ciudadgoticanews.com\/wp-content\/uploads\/2024\/04\/Stephany-Mardelli-Luis-Eduardo-Cortez-4_4-1-768x959.jpg 768w\" sizes=\"auto, (max-width: 1200px) 100vw, 1200px\" \/><\/a>\n\t\t\t<\/div><\/figure><figure class='gallery-item'>\n\t\t\t<div class='gallery-icon portrait'>\n\t\t\t\t<a href='https:\/\/www.ciudadgoticanews.com\/wp-content\/uploads\/2024\/04\/Stephany-Mardelli-Luis-Eduardo-Cortez-5_5-1.jpg'><img loading=\"lazy\" decoding=\"async\" width=\"1200\" height=\"1499\" src=\"https:\/\/www.ciudadgoticanews.com\/wp-content\/uploads\/2024\/04\/Stephany-Mardelli-Luis-Eduardo-Cortez-5_5-1.jpg\" class=\"attachment-full size-full\" alt=\"\" srcset=\"https:\/\/www.ciudadgoticanews.com\/wp-content\/uploads\/2024\/04\/Stephany-Mardelli-Luis-Eduardo-Cortez-5_5-1.jpg 1200w, https:\/\/www.ciudadgoticanews.com\/wp-content\/uploads\/2024\/04\/Stephany-Mardelli-Luis-Eduardo-Cortez-5_5-1-240x300.jpg 240w, https:\/\/www.ciudadgoticanews.com\/wp-content\/uploads\/2024\/04\/Stephany-Mardelli-Luis-Eduardo-Cortez-5_5-1-820x1024.jpg 820w, https:\/\/www.ciudadgoticanews.com\/wp-content\/uploads\/2024\/04\/Stephany-Mardelli-Luis-Eduardo-Cortez-5_5-1-768x959.jpg 768w\" sizes=\"auto, (max-width: 1200px) 100vw, 1200px\" \/><\/a>\n\t\t\t<\/div><\/figure><figure class='gallery-item'>\n\t\t\t<div class='gallery-icon portrait'>\n\t\t\t\t<a href='https:\/\/www.ciudadgoticanews.com\/wp-content\/uploads\/2024\/04\/Stephany-Mardelli-Luis-Eduardo-Cortez-6_6-1.jpg'><img loading=\"lazy\" decoding=\"async\" width=\"1200\" height=\"1499\" src=\"https:\/\/www.ciudadgoticanews.com\/wp-content\/uploads\/2024\/04\/Stephany-Mardelli-Luis-Eduardo-Cortez-6_6-1.jpg\" class=\"attachment-full size-full\" alt=\"\" srcset=\"https:\/\/www.ciudadgoticanews.com\/wp-content\/uploads\/2024\/04\/Stephany-Mardelli-Luis-Eduardo-Cortez-6_6-1.jpg 1200w, https:\/\/www.ciudadgoticanews.com\/wp-content\/uploads\/2024\/04\/Stephany-Mardelli-Luis-Eduardo-Cortez-6_6-1-240x300.jpg 240w, https:\/\/www.ciudadgoticanews.com\/wp-content\/uploads\/2024\/04\/Stephany-Mardelli-Luis-Eduardo-Cortez-6_6-1-820x1024.jpg 820w, https:\/\/www.ciudadgoticanews.com\/wp-content\/uploads\/2024\/04\/Stephany-Mardelli-Luis-Eduardo-Cortez-6_6-1-768x959.jpg 768w\" sizes=\"auto, (max-width: 1200px) 100vw, 1200px\" \/><\/a>\n\t\t\t<\/div><\/figure><figure class='gallery-item'>\n\t\t\t<div class='gallery-icon portrait'>\n\t\t\t\t<a href='https:\/\/www.ciudadgoticanews.com\/wp-content\/uploads\/2024\/04\/Stephany-Mardelli-Luis-Eduardo-Cortez-8_8-1.jpg'><img loading=\"lazy\" decoding=\"async\" width=\"1200\" height=\"1499\" src=\"https:\/\/www.ciudadgoticanews.com\/wp-content\/uploads\/2024\/04\/Stephany-Mardelli-Luis-Eduardo-Cortez-8_8-1.jpg\" class=\"attachment-full size-full\" alt=\"\" srcset=\"https:\/\/www.ciudadgoticanews.com\/wp-content\/uploads\/2024\/04\/Stephany-Mardelli-Luis-Eduardo-Cortez-8_8-1.jpg 1200w, https:\/\/www.ciudadgoticanews.com\/wp-content\/uploads\/2024\/04\/Stephany-Mardelli-Luis-Eduardo-Cortez-8_8-1-240x300.jpg 240w, https:\/\/www.ciudadgoticanews.com\/wp-content\/uploads\/2024\/04\/Stephany-Mardelli-Luis-Eduardo-Cortez-8_8-1-820x1024.jpg 820w, https:\/\/www.ciudadgoticanews.com\/wp-content\/uploads\/2024\/04\/Stephany-Mardelli-Luis-Eduardo-Cortez-8_8-1-768x959.jpg 768w\" sizes=\"auto, (max-width: 1200px) 100vw, 1200px\" \/><\/a>\n\t\t\t<\/div><\/figure><figure class='gallery-item'>\n\t\t\t<div class='gallery-icon portrait'>\n\t\t\t\t<a href='https:\/\/www.ciudadgoticanews.com\/wp-content\/uploads\/2024\/04\/Stephany-Mardelli-Luis-Eduardo-Cortez-7_7-1.jpg'><img loading=\"lazy\" decoding=\"async\" width=\"1200\" height=\"1499\" src=\"https:\/\/www.ciudadgoticanews.com\/wp-content\/uploads\/2024\/04\/Stephany-Mardelli-Luis-Eduardo-Cortez-7_7-1.jpg\" class=\"attachment-full size-full\" alt=\"\" srcset=\"https:\/\/www.ciudadgoticanews.com\/wp-content\/uploads\/2024\/04\/Stephany-Mardelli-Luis-Eduardo-Cortez-7_7-1.jpg 1200w, https:\/\/www.ciudadgoticanews.com\/wp-content\/uploads\/2024\/04\/Stephany-Mardelli-Luis-Eduardo-Cortez-7_7-1-240x300.jpg 240w, https:\/\/www.ciudadgoticanews.com\/wp-content\/uploads\/2024\/04\/Stephany-Mardelli-Luis-Eduardo-Cortez-7_7-1-820x1024.jpg 820w, https:\/\/www.ciudadgoticanews.com\/wp-content\/uploads\/2024\/04\/Stephany-Mardelli-Luis-Eduardo-Cortez-7_7-1-768x959.jpg 768w\" sizes=\"auto, (max-width: 1200px) 100vw, 1200px\" \/><\/a>\n\t\t\t<\/div><\/figure><figure class='gallery-item'>\n\t\t\t<div class='gallery-icon portrait'>\n\t\t\t\t<a href='https:\/\/www.ciudadgoticanews.com\/wp-content\/uploads\/2024\/04\/Stephany-Mardelli-Luis-Eduardo-Cortez-9_9.jpg'><img loading=\"lazy\" decoding=\"async\" width=\"1200\" height=\"1499\" src=\"https:\/\/www.ciudadgoticanews.com\/wp-content\/uploads\/2024\/04\/Stephany-Mardelli-Luis-Eduardo-Cortez-9_9.jpg\" class=\"attachment-full size-full\" alt=\"\" srcset=\"https:\/\/www.ciudadgoticanews.com\/wp-content\/uploads\/2024\/04\/Stephany-Mardelli-Luis-Eduardo-Cortez-9_9.jpg 1200w, https:\/\/www.ciudadgoticanews.com\/wp-content\/uploads\/2024\/04\/Stephany-Mardelli-Luis-Eduardo-Cortez-9_9-240x300.jpg 240w, https:\/\/www.ciudadgoticanews.com\/wp-content\/uploads\/2024\/04\/Stephany-Mardelli-Luis-Eduardo-Cortez-9_9-820x1024.jpg 820w, https:\/\/www.ciudadgoticanews.com\/wp-content\/uploads\/2024\/04\/Stephany-Mardelli-Luis-Eduardo-Cortez-9_9-768x959.jpg 768w\" sizes=\"auto, (max-width: 1200px) 100vw, 1200px\" \/><\/a>\n\t\t\t<\/div><\/figure>\n\t\t<\/div>\n\n<h3>El pasado turbulento de los novios<\/h3>\n<p>Detr\u00e1s del velo de encajes y la sonrisa radiante de Stephany Mardelli, se oculta una trama de conflictos y desencantos que antecedieron su ansiada uni\u00f3n con Luis Ernesto Cortez, quien en el pasado fuera un ferviente simpatizante chavista. Un camino sinuoso que, hasta hace poco, parec\u00eda lejano para la pareja que ahora rebosa felicidad.<\/p>\n<p>Los rumores apuntan a que, al menos hasta el a\u00f1o 2019, Cortez manten\u00eda una relaci\u00f3n \u00edntima con Ninfa Boubou, una joven de ascendencia \u00e1rabe como su ahora esposa, oriunda de Lecher\u00eda. Juntos, Cortez y Boubou sol\u00edan disfrutar de escapadas a parajes tur\u00edsticos, como la isla de Margarita o el archipi\u00e9lago de Los Roques, en compa\u00f1\u00eda de amigos cercanos.<\/p>\n<div id='gallery-4' class='gallery galleryid-8429 gallery-columns-1 gallery-size-full'><figure class='gallery-item'>\n\t\t\t<div class='gallery-icon landscape'>\n\t\t\t\t<a href='https:\/\/www.ciudadgoticanews.com\/wp-content\/uploads\/2024\/04\/Luis-Eduardo-Cortez-Los-Roques_1.jpg'><img loading=\"lazy\" decoding=\"async\" width=\"1200\" height=\"1200\" src=\"https:\/\/www.ciudadgoticanews.com\/wp-content\/uploads\/2024\/04\/Luis-Eduardo-Cortez-Los-Roques_1.jpg\" class=\"attachment-full size-full\" alt=\"\" aria-describedby=\"gallery-4-8431\" srcset=\"https:\/\/www.ciudadgoticanews.com\/wp-content\/uploads\/2024\/04\/Luis-Eduardo-Cortez-Los-Roques_1.jpg 1200w, https:\/\/www.ciudadgoticanews.com\/wp-content\/uploads\/2024\/04\/Luis-Eduardo-Cortez-Los-Roques_1-300x300.jpg 300w, https:\/\/www.ciudadgoticanews.com\/wp-content\/uploads\/2024\/04\/Luis-Eduardo-Cortez-Los-Roques_1-1024x1024.jpg 1024w, https:\/\/www.ciudadgoticanews.com\/wp-content\/uploads\/2024\/04\/Luis-Eduardo-Cortez-Los-Roques_1-150x150.jpg 150w, https:\/\/www.ciudadgoticanews.com\/wp-content\/uploads\/2024\/04\/Luis-Eduardo-Cortez-Los-Roques_1-768x768.jpg 768w\" sizes=\"auto, (max-width: 1200px) 100vw, 1200px\" \/><\/a>\n\t\t\t<\/div>\n\t\t\t\t<figcaption class='wp-caption-text gallery-caption' id='gallery-4-8431'>\n\t\t\t\tLuis Ernesto Cortez (\u00fanico de bigote) en Los Roques en compa\u00f1\u00eda de Ninfa Boubou y unos amigos, en el a\u00f1o 2019\n\t\t\t\t<\/figcaption><\/figure><figure class='gallery-item'>\n\t\t\t<div class='gallery-icon landscape'>\n\t\t\t\t<a href='https:\/\/www.ciudadgoticanews.com\/wp-content\/uploads\/2024\/04\/Ninfa-Boubou-Luis-Eduardo-Cortez_1.jpg'><img loading=\"lazy\" decoding=\"async\" width=\"1200\" height=\"1200\" src=\"https:\/\/www.ciudadgoticanews.com\/wp-content\/uploads\/2024\/04\/Ninfa-Boubou-Luis-Eduardo-Cortez_1.jpg\" class=\"attachment-full size-full\" alt=\"\" aria-describedby=\"gallery-4-8433\" srcset=\"https:\/\/www.ciudadgoticanews.com\/wp-content\/uploads\/2024\/04\/Ninfa-Boubou-Luis-Eduardo-Cortez_1.jpg 1200w, https:\/\/www.ciudadgoticanews.com\/wp-content\/uploads\/2024\/04\/Ninfa-Boubou-Luis-Eduardo-Cortez_1-300x300.jpg 300w, https:\/\/www.ciudadgoticanews.com\/wp-content\/uploads\/2024\/04\/Ninfa-Boubou-Luis-Eduardo-Cortez_1-1024x1024.jpg 1024w, https:\/\/www.ciudadgoticanews.com\/wp-content\/uploads\/2024\/04\/Ninfa-Boubou-Luis-Eduardo-Cortez_1-150x150.jpg 150w, https:\/\/www.ciudadgoticanews.com\/wp-content\/uploads\/2024\/04\/Ninfa-Boubou-Luis-Eduardo-Cortez_1-768x768.jpg 768w\" sizes=\"auto, (max-width: 1200px) 100vw, 1200px\" \/><\/a>\n\t\t\t<\/div>\n\t\t\t\t<figcaption class='wp-caption-text gallery-caption' id='gallery-4-8433'>\n\t\t\t\tLuis Ernesto Cortez, al fondo de la foto, al lado de Ninfa Boubou, en compa\u00f1\u00eda de amigos en la Isla de Margarita, en el a\u00f1o 2018\n\t\t\t\t<\/figcaption><\/figure>\n\t\t<\/div>\n\n<p>Por otro lado, Stephany Mardelli, hija del empresario Jorge Mardelli Nayati, acostumbrada a los lujos y la sensualidad, ha moldeado su imagen a trav\u00e9s de procedimientos est\u00e9ticos para realzar su belleza y lograr una silueta m\u00e1s esbelta y un rostro m\u00e1s cautivador.<\/p>\n<div id='gallery-5' class='gallery galleryid-8429 gallery-columns-1 gallery-size-full'><figure class='gallery-item'>\n\t\t\t<div class='gallery-icon landscape'>\n\t\t\t\t<a href='https:\/\/www.ciudadgoticanews.com\/wp-content\/uploads\/2024\/04\/Stephany-Mardelli000_1.jpg'><img loading=\"lazy\" decoding=\"async\" width=\"1200\" height=\"700\" src=\"https:\/\/www.ciudadgoticanews.com\/wp-content\/uploads\/2024\/04\/Stephany-Mardelli000_1.jpg\" class=\"attachment-full size-full\" alt=\"\" aria-describedby=\"gallery-5-8465\" srcset=\"https:\/\/www.ciudadgoticanews.com\/wp-content\/uploads\/2024\/04\/Stephany-Mardelli000_1.jpg 1200w, https:\/\/www.ciudadgoticanews.com\/wp-content\/uploads\/2024\/04\/Stephany-Mardelli000_1-300x175.jpg 300w, https:\/\/www.ciudadgoticanews.com\/wp-content\/uploads\/2024\/04\/Stephany-Mardelli000_1-1024x597.jpg 1024w, https:\/\/www.ciudadgoticanews.com\/wp-content\/uploads\/2024\/04\/Stephany-Mardelli000_1-768x448.jpg 768w\" sizes=\"auto, (max-width: 1200px) 100vw, 1200px\" \/><\/a>\n\t\t\t<\/div>\n\t\t\t\t<figcaption class='wp-caption-text gallery-caption' id='gallery-5-8465'>\n\t\t\t\tStephany Mardelli, antes y despu\u00e9s de procedimientos est\u00e9ticos\n\t\t\t\t<\/figcaption><\/figure><figure class='gallery-item'>\n\t\t\t<div class='gallery-icon portrait'>\n\t\t\t\t<a href='https:\/\/www.ciudadgoticanews.com\/wp-content\/uploads\/2024\/04\/Stephany-Mardelli-1_1.jpg'><img loading=\"lazy\" decoding=\"async\" width=\"1200\" height=\"1500\" src=\"https:\/\/www.ciudadgoticanews.com\/wp-content\/uploads\/2024\/04\/Stephany-Mardelli-1_1.jpg\" class=\"attachment-full size-full\" alt=\"\" aria-describedby=\"gallery-5-8435\" srcset=\"https:\/\/www.ciudadgoticanews.com\/wp-content\/uploads\/2024\/04\/Stephany-Mardelli-1_1.jpg 1200w, https:\/\/www.ciudadgoticanews.com\/wp-content\/uploads\/2024\/04\/Stephany-Mardelli-1_1-240x300.jpg 240w, https:\/\/www.ciudadgoticanews.com\/wp-content\/uploads\/2024\/04\/Stephany-Mardelli-1_1-819x1024.jpg 819w, https:\/\/www.ciudadgoticanews.com\/wp-content\/uploads\/2024\/04\/Stephany-Mardelli-1_1-768x960.jpg 768w\" sizes=\"auto, (max-width: 1200px) 100vw, 1200px\" \/><\/a>\n\t\t\t<\/div>\n\t\t\t\t<figcaption class='wp-caption-text gallery-caption' id='gallery-5-8435'>\n\t\t\t\tStephany Mardelli\n\t\t\t\t<\/figcaption><\/figure><figure class='gallery-item'>\n\t\t\t<div class='gallery-icon portrait'>\n\t\t\t\t<a href='https:\/\/www.ciudadgoticanews.com\/wp-content\/uploads\/2024\/04\/Stephany-Mardelli-2_2.jpg'><img loading=\"lazy\" decoding=\"async\" width=\"1200\" height=\"1500\" src=\"https:\/\/www.ciudadgoticanews.com\/wp-content\/uploads\/2024\/04\/Stephany-Mardelli-2_2.jpg\" class=\"attachment-full size-full\" alt=\"\" aria-describedby=\"gallery-5-8436\" srcset=\"https:\/\/www.ciudadgoticanews.com\/wp-content\/uploads\/2024\/04\/Stephany-Mardelli-2_2.jpg 1200w, https:\/\/www.ciudadgoticanews.com\/wp-content\/uploads\/2024\/04\/Stephany-Mardelli-2_2-240x300.jpg 240w, https:\/\/www.ciudadgoticanews.com\/wp-content\/uploads\/2024\/04\/Stephany-Mardelli-2_2-819x1024.jpg 819w, https:\/\/www.ciudadgoticanews.com\/wp-content\/uploads\/2024\/04\/Stephany-Mardelli-2_2-768x960.jpg 768w\" sizes=\"auto, (max-width: 1200px) 100vw, 1200px\" \/><\/a>\n\t\t\t<\/div>\n\t\t\t\t<figcaption class='wp-caption-text gallery-caption' id='gallery-5-8436'>\n\t\t\t\tStephany Mardelli\n\t\t\t\t<\/figcaption><\/figure>\n\t\t<\/div>\n\n<p>Proveniente de una familia \u00e1rabe prominente en el Club Sirio de Puerto La Cruz, la novia sol\u00eda disfrutar anta\u00f1o de paseos en lancha por los canales acu\u00e1ticos de Lecher\u00eda y Puerto La Cruz, dejando entrever un estilo de vida desenfadado y placentero.<\/p>\n<div style=\"left: 0; width: 100%; height: 0; position: relative; padding-bottom: 56.0081%;\"><iframe style=\"top: 0; left: 0; width: 100%; height: 100%; position: absolute; border: 0;\" src=\"https:\/\/ok.ru\/videoembed\/6756675226113\" scrolling=\"no\" allowfullscreen=\"allowfullscreen\"><\/iframe><\/div>\n<p>&nbsp;<\/p>\n<p>Como una met\u00e1fora de los altibajos que precedieron a su uni\u00f3n, la pareja celebr\u00f3 su amor con un recorrido en yate y una visita a la exclusiva Isla Piscina Posada &amp; Boutique, ubicada en el Parque Nacional Mochima. All\u00ed, se fotografiaron y filmaron como protagonistas de una suerte de videoclip rom\u00e1ntico, dejando atr\u00e1s las sombras del pasado para abrazar un futuro prometedor.<\/p>\n<div style=\"left: 0; width: 100%; height: 0; position: relative; padding-bottom: 56.0081%;\"><iframe style=\"top: 0; left: 0; width: 100%; height: 100%; position: absolute; border: 0;\" src=\"https:\/\/ok.ru\/videoembed\/6756725099009\" scrolling=\"no\" allowfullscreen=\"allowfullscreen\"><\/iframe><\/div>\n<h3><\/h3>\n<h3>Una construcci\u00f3n controvertida en la Isla Piscina<\/h3>\n<p>En el Parque Nacional Mochima, un proyecto hotelero de lujo ha desatado un torbellino de interrogantes y controversias. La Isla Piscina Posada &amp; Boutique, un oasis de exclusividad emplazado en un islote coralino, ha sido objeto de escrutinio debido a las circunstancias que han rodeado su gestaci\u00f3n.<\/p>\n<figure id=\"attachment_8449\" aria-describedby=\"caption-attachment-8449\" style=\"width: 1200px\" class=\"wp-caption aligncenter\"><a href=\"https:\/\/www.ciudadgoticanews.com\/wp-content\/uploads\/2024\/04\/Isla-Piscina-Posada-Boutique_1.jpg\"><img loading=\"lazy\" decoding=\"async\" class=\"size-full wp-image-8449\" src=\"https:\/\/www.ciudadgoticanews.com\/wp-content\/uploads\/2024\/04\/Isla-Piscina-Posada-Boutique_1.jpg\" alt=\"\" width=\"1200\" height=\"1200\" srcset=\"https:\/\/www.ciudadgoticanews.com\/wp-content\/uploads\/2024\/04\/Isla-Piscina-Posada-Boutique_1.jpg 1200w, https:\/\/www.ciudadgoticanews.com\/wp-content\/uploads\/2024\/04\/Isla-Piscina-Posada-Boutique_1-300x300.jpg 300w, https:\/\/www.ciudadgoticanews.com\/wp-content\/uploads\/2024\/04\/Isla-Piscina-Posada-Boutique_1-1024x1024.jpg 1024w, https:\/\/www.ciudadgoticanews.com\/wp-content\/uploads\/2024\/04\/Isla-Piscina-Posada-Boutique_1-150x150.jpg 150w, https:\/\/www.ciudadgoticanews.com\/wp-content\/uploads\/2024\/04\/Isla-Piscina-Posada-Boutique_1-768x768.jpg 768w\" sizes=\"auto, (max-width: 1200px) 100vw, 1200px\" \/><\/a><figcaption id=\"caption-attachment-8449\" class=\"wp-caption-text\">Isla Piscina Posada &amp; Boutique<\/figcaption><\/figure>\n<p>Aunque su nombre hab\u00eda pasado hasta ahora inadvertido, Luis Ernesto Cortez, el protagonista de la boda de ensue\u00f1o en el Club Sirio de Puerto La Cruz, particip\u00f3 activamente en la construcci\u00f3n del ambicioso emprendimiento tur\u00edstico de la Isla Piscina Posada &amp; Boutique, donde Cortez adem\u00e1s realiz\u00f3 su preboda. La obra se trat\u00f3 de un desaf\u00edo arquitect\u00f3nico que tom\u00f3 forma bajo la visi\u00f3n del arquitecto Said El Jaouhari y el equipo de Astylar Arquitectura &amp; Construcci\u00f3n, con sede en Lecher\u00eda, quienes le dieron vida en 2018. Posteriormente, la empresa Suministros y Construcciones JL (Sucons) se encarg\u00f3 de finalizar las obras en 2022.<\/p>\n<p>Sin embargo, la realizaci\u00f3n de proyectos de tal envergadura en \u00e1reas protegidas como los parques nacionales suele estar reservada en Venezuela para aquellos con influencias o conexiones privilegiadas, los denominados \u00abboliburgueses\u00bb y \u00abenchufados\u00bb. Obtener los permisos necesarios para una empresa de esta magnitud en zonas de alta restricci\u00f3n ambiental es un desaf\u00edo que pocos pueden sortear sin incurrir en pr\u00e1cticas cuestionables, como el tr\u00e1fico de influencias o el soborno a funcionarios.<\/p>\n<p>A pesar de las cr\u00edticas, los creadores de la Isla Piscina Posada &amp; Boutique defienden su enfoque, afirmando que su objetivo es \u00abapoyar el turismo en Venezuela, manteniendo la esencia patrimonial de la antigua casa\u00bb donde se construy\u00f3 el hotel y minimizando el impacto ambiental, a pesar de las restricciones inherentes a su ubicaci\u00f3n en un parque nacional.<\/p>\n<p>Este concepto hotelero tipo boutique, inspirado en un estilo \u00e9tnico, aspira a convertirse en un refugio para los amantes de la vida tropical. Dada su ubicaci\u00f3n remota, la propiedad ha implementado un sistema autosustentable que incluye paneles solares, una planta desalinizadora, tratamiento de aguas residuales, climatizaci\u00f3n solar, servicios satelitales y un sistema de transporte mar\u00edtimo para el suministro de insumos y la gesti\u00f3n de residuos.<\/p>\n<p>El proyecto se ha construido en dos etapas, la primera de las cuales ha constado de la edificaci\u00f3n principal con 8 dormitorios, un lobby, bar, restaurante y \u00e1reas sociales. Mientras que en una segunda fase se evalu\u00f3 la posibilidad de ampliar la oferta con la construcci\u00f3n de bungalows exc\u00e9ntricos.<\/p>\n<blockquote class=\"wp-embedded-content\" data-secret=\"culgqQL2yA\"><p><a href=\"https:\/\/www.ciudadgoticanews.com\/index.php\/2022\/08\/21\/la-posada-isla-piscina-y-el-ecocidio-en-el-parque-nacional-parque-nacional-mochima\/\">La Posada Isla Piscina y el ecocidio en el parque nacional Parque Nacional Mochima<\/a><\/p><\/blockquote>\n<p><iframe loading=\"lazy\" title=\"\u00abLa Posada Isla Piscina y el ecocidio en el parque nacional Parque Nacional Mochima\u00bb \u2014 CIUDAD G&Oacute;TICA\" sandbox=\"allow-scripts\" security=\"restricted\" src=\"https:\/\/www.ciudadgoticanews.com\/index.php\/2022\/08\/21\/la-posada-isla-piscina-y-el-ecocidio-en-el-parque-nacional-parque-nacional-mochima\/embed\/#?secret=culgqQL2yA\" width=\"600\" height=\"338\" data-secret=\"culgqQL2yA\" frameborder=\"0\" marginwidth=\"0\" marginheight=\"0\" scrolling=\"no\" class=\"wp-embedded-content\"><\/iframe><script>\/*! This file is auto-generated *\/!function(d,l){\"use strict\";l.querySelector&&d.addEventListener&&\"undefined\"!=typeof URL&&(d.wp=d.wp||{},d.wp.receiveEmbedMessage||(d.wp.receiveEmbedMessage=function(e){var t=e.data;if((t||t.secret||t.message||t.value)&&!\/[^a-zA-Z0-9]\/.test(t.secret)){for(var s,r,n,a=l.querySelectorAll('iframe[data-secret=\"'+t.secret+'\"]'),o=l.querySelectorAll('blockquote[data-secret=\"'+t.secret+'\"]'),c=new RegExp(\"^https?:$\",\"i\"),i=0;i<o.length;i++)o[i].style.display=\"none\";for(i=0;i<a.length;i++)s=a[i],e.source===s.contentWindow&#038;&#038;(s.removeAttribute(\"style\"),\"height\"===t.message?(1e3<(r=parseInt(t.value,10))?r=1e3:~~r<200&#038;&#038;(r=200),s.height=r):\"link\"===t.message&#038;&#038;(r=new URL(s.getAttribute(\"src\")),n=new URL(t.value),c.test(n.protocol))&#038;&#038;n.host===r.host&#038;&#038;l.activeElement===s&#038;&#038;(d.top.location.href=t.value))}},d.addEventListener(\"message\",d.wp.receiveEmbedMessage,!1),l.addEventListener(\"DOMContentLoaded\",function(){for(var e,t,s=l.querySelectorAll(\"iframe.wp-embedded-content\"),r=0;r<s.length;r++)(t=(e=s[r]).getAttribute(\"data-secret\"))||(t=Math.random().toString(36).substring(2,12),e.src+=\"#?secret=\"+t,e.setAttribute(\"data-secret\",t)),e.contentWindow.postMessage({message:\"ready\",secret:t},\"*\")},!1)))}(window,document);<\/script><\/p>\n<p>Frente a este panorama, cabe preguntarse si son acaso los mismos enchufados para quienes trabaja Luis Ernesto Cortez quienes patrocinaron buena parte de su boda de ensue\u00f1o, incluyendo la aparici\u00f3n estelar del d\u00fao Chyno y Nacho. Un interrogante que, al igual que la construcci\u00f3n de la Isla Piscina, se mantiene envuelto en un halo de incertidumbre y cuestionamientos.<\/p>\n<p>M\u00e1s all\u00e1 de la fastuosa boda y la pol\u00e9mica construcci\u00f3n de la Isla Piscina, la figura de Luis Ernesto Cortez tambi\u00e9n ha despertado interrogantes en torno a su trayectoria profesional. El reci\u00e9n casado se dedica, adem\u00e1s, a la remodelaci\u00f3n de edificaciones, interiorismo, estructuras y construcciones de lujo, dejando su huella en inmuebles de alto nivel en urbanizaciones de Caracas, Lecher\u00eda y Puerto La Cruz, entre otras ciudades, donde, tambi\u00e9n ha trabajado para enchufados, en algunos casos mediante la empresa Construc-thor 0820, C.A.<\/p>\n<div style=\"left: 0; width: 100%; height: 0; position: relative; padding-bottom: 56.0081%;\"><iframe style=\"top: 0; left: 0; width: 100%; height: 100%; position: absolute; border: 0;\" src=\"https:\/\/ok.ru\/videoembed\/6756801251841\" scrolling=\"no\" allowfullscreen=\"allowfullscreen\"><\/iframe><\/div>\n<p>&nbsp;<\/p>\n<p>Despu\u00e9s que el lujo y la opulencia se desbordaran en el Club Sirio con la uni\u00f3n Cortez Mardelli, un contraste abrumador se dibujaba en las mentes de numerosos venezolanos. Las dificultades econ\u00f3micas que azotan al pa\u00eds han contribuido a la migraci\u00f3n masiva de ciudadanos en busca de mejores oportunidades, una realidad que ha hecho que la ostentaci\u00f3n de la boda haya resultado chocante para muchos.<\/p>\n","protected":false},"excerpt":{"rendered":"<p>Bajo los reflectores de una noche incomparable, el Club Sirio se visti\u00f3 de gala, al Oriente de Venezuela, para presenciar el despliegue de una celebraci\u00f3n nupcial que acapar\u00f3 las miradas de propios y extra\u00f1os. Entre las pintorescas ciudades de Lecher\u00eda y Puerto La Cruz, en el estado Anzo\u00e1tegui, una boda dej\u00f3 boquiabiertos a los asistentes [&hellip;]<\/p>\n","protected":false},"author":1,"featured_media":8486,"comment_status":"open","ping_status":"open","sticky":false,"template":"","format":"standard","meta":{"h5ap_radio_sources":[],"footnotes":""},"categories":[9],"tags":[],"class_list":["post-8429","post","type-post","status-publish","format-standard","has-post-thumbnail","hentry","category-venezuela"],"aioseo_notices":[],"_links":{"self":[{"href":"https:\/\/www.ciudadgoticanews.com\/index.php\/wp-json\/wp\/v2\/posts\/8429","targetHints":{"allow":["GET"]}}],"collection":[{"href":"https:\/\/www.ciudadgoticanews.com\/index.php\/wp-json\/wp\/v2\/posts"}],"about":[{"href":"https:\/\/www.ciudadgoticanews.com\/index.php\/wp-json\/wp\/v2\/types\/post"}],"author":[{"embeddable":true,"href":"https:\/\/www.ciudadgoticanews.com\/index.php\/wp-json\/wp\/v2\/users\/1"}],"replies":[{"embeddable":true,"href":"https:\/\/www.ciudadgoticanews.com\/index.php\/wp-json\/wp\/v2\/comments?post=8429"}],"version-history":[{"count":0,"href":"https:\/\/www.ciudadgoticanews.com\/index.php\/wp-json\/wp\/v2\/posts\/8429\/revisions"}],"wp:featuredmedia":[{"embeddable":true,"href":"https:\/\/www.ciudadgoticanews.com\/index.php\/wp-json\/wp\/v2\/media\/8486"}],"wp:attachment":[{"href":"https:\/\/www.ciudadgoticanews.com\/index.php\/wp-json\/wp\/v2\/media?parent=8429"}],"wp:term":[{"taxonomy":"category","embeddable":true,"href":"https:\/\/www.ciudadgoticanews.com\/index.php\/wp-json\/wp\/v2\/categories?post=8429"},{"taxonomy":"post_tag","embeddable":true,"href":"https:\/\/www.ciudadgoticanews.com\/index.php\/wp-json\/wp\/v2\/tags?post=8429"}],"curies":[{"name":"wp","href":"https:\/\/api.w.org\/{rel}","templated":true}]}}