{"id":8536,"date":"2024-04-15T23:10:14","date_gmt":"2024-04-16T03:10:14","guid":{"rendered":"https:\/\/www.ciudadgoticanews.com\/?p=8536"},"modified":"2024-04-15T23:31:47","modified_gmt":"2024-04-16T03:31:47","slug":"villca-fernandez-jehyson-guzman-y-tareck-el-aissami-un-triangulo-de-sospechas","status":"publish","type":"post","link":"https:\/\/www.ciudadgoticanews.com\/index.php\/2024\/04\/15\/villca-fernandez-jehyson-guzman-y-tareck-el-aissami-un-triangulo-de-sospechas\/","title":{"rendered":"Villca Fern\u00e1ndez, Jehyson Guzm\u00e1n y Tareck El Aissami: un tri\u00e1ngulo de sospechas y aparentes lealtades ocultas que tienen como hilo conductor a la Universidad de Los Andes"},"content":{"rendered":"<p>En los pasillos de la Universidad de Los Andes (ULA) en M\u00e9rida, Venezuela, germinaron las semillas de lo que hoy se ha convertido en un intrincado entramado de relaciones y conexiones entre personalidades pol\u00e9micas del \u00e1mbito pol\u00edtico y estudiantil venezolano. Villca Fern\u00e1ndez, otrora preso pol\u00edtico y activista opositor, dej\u00f3 su huella como secretario general de la Federaci\u00f3n de Centros Universitarios (FCU) mientras cursaba Ciencias Pol\u00edticas en la ULA.<\/p>\n<p>Su contempor\u00e1neo, Jehyson Jos\u00e9 Guzm\u00e1n Araque, el actual gobernador chavista de M\u00e9rida, tambi\u00e9n forj\u00f3 su trayectoria dentro de los muros de la ULA. Nacido en 1980, un a\u00f1o despu\u00e9s que Fern\u00e1ndez, Guzm\u00e1n asumi\u00f3 la presidencia de la FCU entre 2005 y 2006, respaldado por el Movimiento Utop\u00eda 78, cuyas ra\u00edces se remontan a los fundadores Tareck El Aissami y Hugo Cabezas Bracamonte, entre otros.<\/p>\n<p>Fern\u00e1ndez, por su parte, milit\u00f3 en las filas del Movimiento Social Universitario 13 de marzo (M-13), un grupo de centroizquierda fundado en 1987, mucho antes de su ingreso a la ULA. Tras ser expulsado del M-13, Fern\u00e1ndez fund\u00f3 el movimiento estudiantil Liberaci\u00f3n 23, dejando su sello en la agitada vida pol\u00edtica universitaria.<\/p>\n<p>Las conexiones se entrelazan a\u00fan m\u00e1s cuando se examina la trayectoria de Tareck El Aissami, exministro de petr\u00f3leo recientemente detenido por su implicaci\u00f3n en la trama de corrupci\u00f3n Pdvsa-Cripto. Como fundador, El Aissami emergi\u00f3 tambi\u00e9n de las filas del M-13, antes de fundar el Movimiento Utop\u00eda 78, en el a\u00f1o 1992. Utop\u00eda 78 se trata de uno de varios grupos surgidos del M-13, y (Utop\u00eda 78) es el mismo que respald\u00f3 a Guzm\u00e1n en su ascenso a la presidencia de la FCU.\u00a0Mientras El Aissami egresaba de la ULA en el a\u00f1o 2005, Guzm\u00e1n se convert\u00eda en presidente de la FCU.<\/p>\n<p>Aunque Villca Fern\u00e1ndez ha mantenido p\u00fablicamente una actitud cr\u00edtica hacia Guzm\u00e1n, los rumores apuntan a intentos desesperados por parte de Fern\u00e1ndez para \u00ablavarle la cara\u00bb al gobernador, algo que ha generado interrogantes sobre la autenticidad de su oposici\u00f3n y las posibles motivaciones ocultas detr\u00e1s de las acciones de Fern\u00e1ndez.<\/p>\n<p>En esta intrincada red de conexiones estudiantiles y pol\u00edticas, las preguntas se multiplican: \u00bfQu\u00e9 papel han desempe\u00f1ado estas relaciones forjadas en la ULA en los acontecimientos recientes y actuales? \u00bfExisten v\u00ednculos a\u00fan m\u00e1s profundos que unen a la terna Fern\u00e1ndez, Guzm\u00e1n y El Aissami?<\/p>\n<h3><strong>El arresto, exilio y privilegios de Villca Fern\u00e1ndez mientras estuvo detenido<\/strong><\/h3>\n<figure id=\"attachment_8549\" aria-describedby=\"caption-attachment-8549\" style=\"width: 1200px\" class=\"wp-caption aligncenter\"><a href=\"https:\/\/www.ciudadgoticanews.com\/wp-content\/uploads\/2024\/04\/Villca-Fernandez002_1.jpg\"><img loading=\"lazy\" decoding=\"async\" class=\"size-full wp-image-8549\" src=\"https:\/\/www.ciudadgoticanews.com\/wp-content\/uploads\/2024\/04\/Villca-Fernandez002_1.jpg\" alt=\"\" width=\"1200\" height=\"600\" srcset=\"https:\/\/www.ciudadgoticanews.com\/wp-content\/uploads\/2024\/04\/Villca-Fernandez002_1.jpg 1200w, https:\/\/www.ciudadgoticanews.com\/wp-content\/uploads\/2024\/04\/Villca-Fernandez002_1-300x150.jpg 300w, https:\/\/www.ciudadgoticanews.com\/wp-content\/uploads\/2024\/04\/Villca-Fernandez002_1-1024x512.jpg 1024w, https:\/\/www.ciudadgoticanews.com\/wp-content\/uploads\/2024\/04\/Villca-Fernandez002_1-768x384.jpg 768w\" sizes=\"auto, (max-width: 1200px) 100vw, 1200px\" \/><\/a><figcaption id=\"caption-attachment-8549\" class=\"wp-caption-text\">Villca Fern\u00e1ndez<\/figcaption><\/figure>\n<p>En el torbellino de la vida pol\u00edtica venezolana, Villca Fern\u00e1ndez, activista y supuestamente f\u00e9rreo opositor, se ha convertido en una figura que despierta interrogantes. El 27 de enero de 2016, dirigentes chavistas lo se\u00f1alaron como parte de una presunta conspiraci\u00f3n para desestabilizar la seguridad nacional. Cuatro d\u00edas despu\u00e9s, el 31 de enero, Fern\u00e1ndez respondi\u00f3 a las acusaciones a trav\u00e9s de un mensaje en Twitter, pero horas m\u00e1s tarde, oficiales del Servicio Bolivariano de Inteligencia Nacional (SEBIN) lo detuvieron en plena v\u00eda p\u00fablica y lo trasladaron a Caracas.<\/p>\n<p>Esta detenci\u00f3n marc\u00f3 el inicio de un complejo periplo para Fern\u00e1ndez, quien posteriormente denunci\u00f3 haber sido v\u00edctima de actos de tortura durante su reclusi\u00f3n. Seg\u00fan sus declaraciones, estuvo \u00abesposado de un brazo a lo alto de una reja por varios d\u00edas\u00bb y sufri\u00f3 \u00abelectricidad en los test\u00edculos\u00bb, revelaciones que generaron indignaci\u00f3n y cuestionamientos sobre los m\u00e9todos empleados en Venezuela por el r\u00e9gimen contra los presos pol\u00edticos.<\/p>\n<p>Sin embargo, en medio de las adversidades, Fern\u00e1ndez parec\u00eda gozar de ciertos privilegios poco comunes para un recluso. Un video del mes de marzo de 2018 lo muestra celebrando su cumplea\u00f1os con otros privados de libertad en el \u00e1rea de reclusi\u00f3n del SEBIN en El Helicoide, Caracas. La celebraci\u00f3n, amenizada con la guitarra de uno de los presentes, cont\u00f3 con una pi\u00f1ata, bebida y un grupo de amigos de Fern\u00e1ndez que lo ayudaron a romper la pi\u00f1ata. Este trato preferencial ha despertado sospechas sobre posibles conexiones influyentes que pudieron haberle otorgado tales privilegios.<\/p>\n<div style=\"left: 0; width: 100%; height: 0; position: relative; padding-bottom: 56.0081%;\"><iframe style=\"top: 0; left: 0; width: 100%; height: 100%; position: absolute; border: 0;\" src=\"https:\/\/ok.ru\/videoembed\/6758960335361\" scrolling=\"no\" allowfullscreen=\"allowfullscreen\"><\/iframe><\/div>\n<p>&nbsp;<\/p>\n<p>Tras su liberaci\u00f3n en 2018, Fern\u00e1ndez parti\u00f3 al exilio en Per\u00fa, dejando atr\u00e1s un rastro de interrogantes sobre las circunstancias que rodearon su detenci\u00f3n y los aparentes tratos preferenciales que recibi\u00f3. Algunos se preguntan si tales privilegios se debieron a alg\u00fan tipo de relaci\u00f3n entre Fern\u00e1ndez y Tareck El Aissami, quien en ese momento ocupaba el cargo de vicepresidente de Venezuela. Despu\u00e9s de todo, ambos hab\u00edan sido dirigentes de centroizquierda en la Universidad de Los Andes (ULA) en \u00e9pocas anteriores.<\/p>\n<p>Las piezas de este intrincado rompecabezas siguen siendo objeto de especulaci\u00f3n y debate. \u00bfFue Fern\u00e1ndez realmente un preso pol\u00edtico o exist\u00edan motivaciones ocultas detr\u00e1s de su detenci\u00f3n? \u00bfC\u00f3mo logr\u00f3 acceder a tales privilegios durante su reclusi\u00f3n?<\/p>\n<h3>Los videos que denuncian corrupci\u00f3n en la gesti\u00f3n del gobernador Jehyson Guzm\u00e1n y el arresto de quienes los compartieron<\/h3>\n<p>El estado M\u00e9rida, cuna de la Universidad de Los Andes, se ha convertido en el epicentro de una tormenta que ha sacudido los cimientos del poder regional. En las redes sociales, una serie de videos han sido difundidos, cuestionando presuntos actos de corrupci\u00f3n que empa\u00f1ar\u00edan la gesti\u00f3n de Jehyson Guzm\u00e1n, el actual gobernador chavista de la entidad.<\/p>\n<figure id=\"attachment_8218\" aria-describedby=\"caption-attachment-8218\" style=\"width: 1200px\" class=\"wp-caption aligncenter\"><a href=\"https:\/\/www.ciudadgoticanews.com\/wp-content\/uploads\/2024\/04\/Jehyson-Guzman-esposa_1.jpg\"><img loading=\"lazy\" decoding=\"async\" class=\"size-full wp-image-8218\" src=\"https:\/\/www.ciudadgoticanews.com\/wp-content\/uploads\/2024\/04\/Jehyson-Guzman-esposa_1.jpg\" alt=\"\" width=\"1200\" height=\"600\" srcset=\"https:\/\/www.ciudadgoticanews.com\/wp-content\/uploads\/2024\/04\/Jehyson-Guzman-esposa_1.jpg 1200w, https:\/\/www.ciudadgoticanews.com\/wp-content\/uploads\/2024\/04\/Jehyson-Guzman-esposa_1-300x150.jpg 300w, https:\/\/www.ciudadgoticanews.com\/wp-content\/uploads\/2024\/04\/Jehyson-Guzman-esposa_1-1024x512.jpg 1024w, https:\/\/www.ciudadgoticanews.com\/wp-content\/uploads\/2024\/04\/Jehyson-Guzman-esposa_1-768x384.jpg 768w\" sizes=\"auto, (max-width: 1200px) 100vw, 1200px\" \/><\/a><figcaption id=\"caption-attachment-8218\" class=\"wp-caption-text\">Jehyson Guzm\u00e1n y su esposa, tambi\u00e9n se\u00f1alada en los videos<\/figcaption><\/figure>\n<p>Estas grabaciones, que han circulado de forma viral, han puesto en tela de juicio la integridad del mandatario estadal, desatando una ola de indignaci\u00f3n y acciones judiciales sin precedentes. Las autoridades de M\u00e9rida han emprendido una cruzada contra quienes han compartido los pol\u00e9micos videos, arrestando a varios ciudadanos por el simple hecho de compartir la informaci\u00f3n, a pesar de no haberse demostrado de que los detenidos hayan sido los autores de los videos.<\/p>\n<p>Entre los detenidos se encuentran Liliana Cruz Clemente, Adriana Rodr\u00edguez, Armando Colina y Fanny Cruz, cuyo \u00fanico \u00abdelito\u00bb ha sido ejercer su derecho a la libre expresi\u00f3n al compartir los videos que exponen presuntas irregularidades en el gobierno de Guzm\u00e1n. A Cruz Clemente y Rodr\u00edguez se les ha impuesto una medida cautelar de presentaci\u00f3n peri\u00f3dica, mientras que a Fanny Cruz se le ha decretado arresto domiciliario y a Armando Colina tambi\u00e9n se le ha obligado a presentarse regularmente ante las autoridades.<\/p>\n<p>Cabe destacar que Armando Colina y Fanny Cruz son abogados y miembros activos de la ONG Fundaci\u00f3n Loto Azul, dedicada a la defensa de los derechos humanos y la lucha contra la corrupci\u00f3n en M\u00e9rida. Esta situaci\u00f3n ha generado un profundo malestar en el gremio de abogados, que se ha pronunciado en rechazo a la detenci\u00f3n de sus colegas por el simple acto de compartir informaci\u00f3n.<\/p>\n<blockquote class=\"wp-embedded-content\" data-secret=\"t1tGnoWi1C\"><p><a href=\"https:\/\/www.ciudadgoticanews.com\/index.php\/2024\/04\/08\/gobernador-jehyson-guzman-y-su-esposa-bajo-sospecha\/\">Gobernador Jehyson Guzm\u00e1n y su esposa bajo sospechas: ciudadanos son detenidos en Venezuela por compartir informaci\u00f3n en las redes sobre corrupci\u00f3n y testaferrato en M\u00e9rida<\/a><\/p><\/blockquote>\n<p><iframe loading=\"lazy\" title=\"\u00abGobernador Jehyson Guzm\u00e1n y su esposa bajo sospechas: ciudadanos son detenidos en Venezuela por compartir informaci\u00f3n en las redes sobre corrupci\u00f3n y testaferrato en M\u00e9rida\u00bb \u2014 CIUDAD G&Oacute;TICA\" sandbox=\"allow-scripts\" security=\"restricted\" src=\"https:\/\/www.ciudadgoticanews.com\/index.php\/2024\/04\/08\/gobernador-jehyson-guzman-y-su-esposa-bajo-sospecha\/embed\/#?secret=t1tGnoWi1C\" width=\"600\" height=\"338\" data-secret=\"t1tGnoWi1C\" frameborder=\"0\" marginwidth=\"0\" marginheight=\"0\" scrolling=\"no\" class=\"wp-embedded-content\"><\/iframe><script>\/*! This file is auto-generated *\/!function(d,l){\"use strict\";l.querySelector&&d.addEventListener&&\"undefined\"!=typeof URL&&(d.wp=d.wp||{},d.wp.receiveEmbedMessage||(d.wp.receiveEmbedMessage=function(e){var t=e.data;if((t||t.secret||t.message||t.value)&&!\/[^a-zA-Z0-9]\/.test(t.secret)){for(var s,r,n,a=l.querySelectorAll('iframe[data-secret=\"'+t.secret+'\"]'),o=l.querySelectorAll('blockquote[data-secret=\"'+t.secret+'\"]'),c=new RegExp(\"^https?:$\",\"i\"),i=0;i<o.length;i++)o[i].style.display=\"none\";for(i=0;i<a.length;i++)s=a[i],e.source===s.contentWindow&#038;&#038;(s.removeAttribute(\"style\"),\"height\"===t.message?(1e3<(r=parseInt(t.value,10))?r=1e3:~~r<200&#038;&#038;(r=200),s.height=r):\"link\"===t.message&#038;&#038;(r=new URL(s.getAttribute(\"src\")),n=new URL(t.value),c.test(n.protocol))&#038;&#038;n.host===r.host&#038;&#038;l.activeElement===s&#038;&#038;(d.top.location.href=t.value))}},d.addEventListener(\"message\",d.wp.receiveEmbedMessage,!1),l.addEventListener(\"DOMContentLoaded\",function(){for(var e,t,s=l.querySelectorAll(\"iframe.wp-embedded-content\"),r=0;r<s.length;r++)(t=(e=s[r]).getAttribute(\"data-secret\"))||(t=Math.random().toString(36).substring(2,12),e.src+=\"#?secret=\"+t,e.setAttribute(\"data-secret\",t)),e.contentWindow.postMessage({message:\"ready\",secret:t},\"*\")},!1)))}(window,document);<\/script><\/p>\n<p>En medio de esta vor\u00e1gine, surge una figura controvertida: Villca Fern\u00e1ndez, el activista opositor que supuestamente ha intentado frenar desesperadamente la campa\u00f1a en las redes sociales que exige la libertad sin restricciones para los detenidos. Fern\u00e1ndez supuestamente ha asegurado que el caso obedece a un presunto conflicto familiar por una herencia, desviando la atenci\u00f3n del verdadero motivo: la difusi\u00f3n de los videos que cuestionan la gesti\u00f3n de Guzm\u00e1n.<\/p>\n<p>La narrativa del exdirigente estudiantil ha generado suspicacias y dudas sobre las verdaderas motivaciones de Fern\u00e1ndez. \u00bfA qui\u00e9n intenta proteger realmente? \u00bfAcaso su oposici\u00f3n al gobernador Guzm\u00e1n es genuina o simplemente una cortina de humo?<\/p>\n<h3><strong>Las interrogantes sobre las verdaderas motivaciones e intenciones de Villca Fern\u00e1ndez al aparentemente intentar minimizar el caso de los videos contra el gobernador Guzm\u00e1n<\/strong><\/h3>\n<figure id=\"attachment_8546\" aria-describedby=\"caption-attachment-8546\" style=\"width: 1200px\" class=\"wp-caption aligncenter\"><a href=\"https:\/\/www.ciudadgoticanews.com\/wp-content\/uploads\/2024\/04\/Villca-Fernandez_1.jpg\"><img loading=\"lazy\" decoding=\"async\" class=\"size-full wp-image-8546\" src=\"https:\/\/www.ciudadgoticanews.com\/wp-content\/uploads\/2024\/04\/Villca-Fernandez_1.jpg\" alt=\"\" width=\"1200\" height=\"600\" srcset=\"https:\/\/www.ciudadgoticanews.com\/wp-content\/uploads\/2024\/04\/Villca-Fernandez_1.jpg 1200w, https:\/\/www.ciudadgoticanews.com\/wp-content\/uploads\/2024\/04\/Villca-Fernandez_1-300x150.jpg 300w, https:\/\/www.ciudadgoticanews.com\/wp-content\/uploads\/2024\/04\/Villca-Fernandez_1-1024x512.jpg 1024w, https:\/\/www.ciudadgoticanews.com\/wp-content\/uploads\/2024\/04\/Villca-Fernandez_1-768x384.jpg 768w\" sizes=\"auto, (max-width: 1200px) 100vw, 1200px\" \/><\/a><figcaption id=\"caption-attachment-8546\" class=\"wp-caption-text\">Villca Fern\u00e1ndez<\/figcaption><\/figure>\n<p>Villca Fern\u00e1ndez, ha adoptado, tal parece, una postura que genera desconcierto en torno al caso de los videos que denuncian actos de corrupci\u00f3n en la gesti\u00f3n de Jehyson Guzm\u00e1n.<\/p>\n<p>\u00bfPor qu\u00e9 Fern\u00e1ndez, un f\u00e9rreo cr\u00edtico del chavismo, intentar\u00eda restar importancia a unos videos que podr\u00edan perjudicar a un gobernante oficialista? \u00bfAcaso su oposici\u00f3n a Guzm\u00e1n es genuina o simplemente una fachada que oculta otras motivaciones?<\/p>\n<p>Adem\u00e1s, surge la inquietante pregunta de si Fern\u00e1ndez podr\u00eda haber sido un infiltrado de El Aissami en las filas opositoras, actuando desde su posici\u00f3n como l\u00edder estudiantil. \u00bfPodr\u00edan sus acciones actuales estar motivadas por la necesidad de proteger a Guzm\u00e1n, quien presuntamente habr\u00eda ascendido pol\u00edticamente gracias al apoyo de El Aissami?<\/p>\n<p>En esta madeja de sospechas y conjeturas, es imperativo que la verdad salga a la luz. \u00bfCu\u00e1les son las verdaderas intenciones de Villca Fern\u00e1ndez? \u00bfExiste una agenda oculta detr\u00e1s de sus acciones? \u00bfTiene algo que ver Fern\u00e1ndez con los videos difundidos? \u00bfFue Guzm\u00e1n una ficha estrat\u00e9gica de El Aissami durante su camino hacia la gobernaci\u00f3n meride\u00f1a?<\/p>\n<p>Las ra\u00edces pol\u00edticas comunes de Villca Fern\u00e1ndez y Jehyson Guzm\u00e1n plantean muchas preguntas sobre si tales conexiones del pasado podr\u00edan haber influido en las presuntas acciones de Fern\u00e1ndez para aparentemente \"lavarle la cara\" al gobernador Guzm\u00e1n en medio de las acusaciones de corrupci\u00f3n.<\/p>\n","protected":false},"excerpt":{"rendered":"<p>En los pasillos de la Universidad de Los Andes (ULA) en M\u00e9rida, Venezuela, germinaron las semillas de lo que hoy se ha convertido en un intrincado entramado de relaciones y conexiones entre personalidades pol\u00e9micas del \u00e1mbito pol\u00edtico y estudiantil venezolano. Villca Fern\u00e1ndez, otrora preso pol\u00edtico y activista opositor, dej\u00f3 su huella como secretario general de [&hellip;]<\/p>\n","protected":false},"author":1,"featured_media":8544,"comment_status":"open","ping_status":"open","sticky":false,"template":"","format":"standard","meta":{"h5ap_radio_sources":[],"footnotes":""},"categories":[9],"tags":[],"class_list":["post-8536","post","type-post","status-publish","format-standard","has-post-thumbnail","hentry","category-venezuela"],"aioseo_notices":[],"_links":{"self":[{"href":"https:\/\/www.ciudadgoticanews.com\/index.php\/wp-json\/wp\/v2\/posts\/8536","targetHints":{"allow":["GET"]}}],"collection":[{"href":"https:\/\/www.ciudadgoticanews.com\/index.php\/wp-json\/wp\/v2\/posts"}],"about":[{"href":"https:\/\/www.ciudadgoticanews.com\/index.php\/wp-json\/wp\/v2\/types\/post"}],"author":[{"embeddable":true,"href":"https:\/\/www.ciudadgoticanews.com\/index.php\/wp-json\/wp\/v2\/users\/1"}],"replies":[{"embeddable":true,"href":"https:\/\/www.ciudadgoticanews.com\/index.php\/wp-json\/wp\/v2\/comments?post=8536"}],"version-history":[{"count":0,"href":"https:\/\/www.ciudadgoticanews.com\/index.php\/wp-json\/wp\/v2\/posts\/8536\/revisions"}],"wp:featuredmedia":[{"embeddable":true,"href":"https:\/\/www.ciudadgoticanews.com\/index.php\/wp-json\/wp\/v2\/media\/8544"}],"wp:attachment":[{"href":"https:\/\/www.ciudadgoticanews.com\/index.php\/wp-json\/wp\/v2\/media?parent=8536"}],"wp:term":[{"taxonomy":"category","embeddable":true,"href":"https:\/\/www.ciudadgoticanews.com\/index.php\/wp-json\/wp\/v2\/categories?post=8536"},{"taxonomy":"post_tag","embeddable":true,"href":"https:\/\/www.ciudadgoticanews.com\/index.php\/wp-json\/wp\/v2\/tags?post=8536"}],"curies":[{"name":"wp","href":"https:\/\/api.w.org\/{rel}","templated":true}]}}