{"id":8601,"date":"2024-04-17T19:35:52","date_gmt":"2024-04-17T23:35:52","guid":{"rendered":"https:\/\/www.ciudadgoticanews.com\/?p=8601"},"modified":"2024-04-17T19:35:52","modified_gmt":"2024-04-17T23:35:52","slug":"petro-y-lula-proponen-plebiscito-en-las-elecciones-de-venezuela-video","status":"publish","type":"post","link":"https:\/\/www.ciudadgoticanews.com\/index.php\/2024\/04\/17\/petro-y-lula-proponen-plebiscito-en-las-elecciones-de-venezuela-video\/","title":{"rendered":"Petro y Lula proponen plebiscito en las elecciones de Venezuela (+Video)"},"content":{"rendered":"\r\n\r\nEn una declaraci\u00f3n conjunta, el presidente de Colombia, Gustavo Petro, y su hom\u00f3logo de Brasil, Luiz In\u00e1cio Lula da Silva, anunciaron que le\u00a0han propuesto a Nicol\u00e1s Maduro la realizaci\u00f3n de un plebiscito para las elecciones presidenciales que se realizar\u00e1n el\u00a0pr\u00f3ximo 28 de julio.\r\n\r\n \r\n\r\nLuego de una reuni\u00f3n con empresarios de ambos pa\u00edses, Petro dijo que la propuesta se hizo en conjunto con Lula da Silva, a Nicol\u00e1s Maduro y al sector de la oposici\u00f3n venezolana que se reuni\u00f3 con el jefe de Estado colombiano.\r\n\r\n \r\n\r\n\u00abLe transmit\u00ed al presidente Lula una propuesta que fue compartida al presidente Maduro y a la oposici\u00f3n que, est\u00e1 siendo discutida a\u00fan sin un desenlace concreto, pero que tiene que ver con una posibilidad de plebiscito en las elecciones que se avecinan que garantice un pacto democr\u00e1tico; que garantice para cualquiera que pierda certeza y seguridad sobre vida, sobre sus derechos y sobre las garant\u00edas pol\u00edticas\u00bb, expres\u00f3 Petro en su intervenci\u00f3n.\r\n\r\n \r\n\r\nPor su parte, Lula da Silva agreg\u00f3: \u201c\u00bfQu\u00e9 les puedo decir acerca de Venezuela? Que en lo que dependa de Colombia y de Brasil, este continente continuar\u00e1 siendo una zona de paz, porque tan solo la paz trae el progreso, la guerra trae muerte y destrucci\u00f3n y eso no nos interesa\u201d.\r\n\r\n \r\n\r\n&nbsp;\r\n\r\n \r\n<blockquote class=\"twitter-tweet\" data-media-max-width=\"560\">\r\n<p dir=\"ltr\" lang=\"es\">\u00daLTIMA HORA |\ud83c\udde8\ud83c\uddf4\ud83c\udde7\ud83c\uddf7 Proponen plebiscito en las elecciones de Venezuela\r\n\r\nEl presidente de Colombia <a href=\"https:\/\/twitter.com\/petrogustavo?ref_src=twsrc%5Etfw\">@petrogustavo<\/a> se\u00f1al\u00f3 que habl\u00f3 con <a href=\"https:\/\/twitter.com\/LulaOficial?ref_src=twsrc%5Etfw\">@LulaOficial<\/a> sobre una propuesta que se present\u00f3 al dictador Nicol\u00e1s Maduro sobre un \u00abpacto democr\u00e1tico\u00bb <a href=\"https:\/\/twitter.com\/hashtag\/17Abril?src=hash&amp;ref_src=twsrc%5Etfw\">#17Abril<\/a>\r\n\r\n\ud83d\udcf9Video: <a href=\"https:\/\/twitter.com\/infopresidencia?ref_src=twsrc%5Etfw\">@infopresidencia<\/a>\u2026 <a href=\"https:\/\/t.co\/DjjMgZel0a\">pic.twitter.com\/DjjMgZel0a<\/a><\/p>\r\n\r\n\u2014 EVTV (@EVTVMiami) <a href=\"https:\/\/twitter.com\/EVTVMiami\/status\/1780736220563206282?ref_src=twsrc%5Etfw\">April 17, 2024<\/a><\/blockquote>\r\n \r\n\r\n&nbsp;\r\n\r\n \r\n\r\n&nbsp;\r\n\r\n","protected":false},"excerpt":{"rendered":"<p>En una declaraci\u00f3n conjunta, el presidente de Colombia, Gustavo Petro, y su hom\u00f3logo de Brasil, Luiz In\u00e1cio Lula da Silva, anunciaron que le\u00a0han propuesto a Nicol\u00e1s Maduro la realizaci\u00f3n de un plebiscito para las elecciones presidenciales que se realizar\u00e1n el\u00a0pr\u00f3ximo 28 de julio. Luego de una reuni\u00f3n con empresarios de ambos pa\u00edses, Petro dijo que [&hellip;]<\/p>\n","protected":false},"author":1,"featured_media":8602,"comment_status":"open","ping_status":"open","sticky":false,"template":"","format":"standard","meta":{"h5ap_radio_sources":[],"footnotes":""},"categories":[9],"tags":[],"class_list":["post-8601","post","type-post","status-publish","format-standard","has-post-thumbnail","hentry","category-venezuela"],"aioseo_notices":[],"_links":{"self":[{"href":"https:\/\/www.ciudadgoticanews.com\/index.php\/wp-json\/wp\/v2\/posts\/8601","targetHints":{"allow":["GET"]}}],"collection":[{"href":"https:\/\/www.ciudadgoticanews.com\/index.php\/wp-json\/wp\/v2\/posts"}],"about":[{"href":"https:\/\/www.ciudadgoticanews.com\/index.php\/wp-json\/wp\/v2\/types\/post"}],"author":[{"embeddable":true,"href":"https:\/\/www.ciudadgoticanews.com\/index.php\/wp-json\/wp\/v2\/users\/1"}],"replies":[{"embeddable":true,"href":"https:\/\/www.ciudadgoticanews.com\/index.php\/wp-json\/wp\/v2\/comments?post=8601"}],"version-history":[{"count":0,"href":"https:\/\/www.ciudadgoticanews.com\/index.php\/wp-json\/wp\/v2\/posts\/8601\/revisions"}],"wp:featuredmedia":[{"embeddable":true,"href":"https:\/\/www.ciudadgoticanews.com\/index.php\/wp-json\/wp\/v2\/media\/8602"}],"wp:attachment":[{"href":"https:\/\/www.ciudadgoticanews.com\/index.php\/wp-json\/wp\/v2\/media?parent=8601"}],"wp:term":[{"taxonomy":"category","embeddable":true,"href":"https:\/\/www.ciudadgoticanews.com\/index.php\/wp-json\/wp\/v2\/categories?post=8601"},{"taxonomy":"post_tag","embeddable":true,"href":"https:\/\/www.ciudadgoticanews.com\/index.php\/wp-json\/wp\/v2\/tags?post=8601"}],"curies":[{"name":"wp","href":"https:\/\/api.w.org\/{rel}","templated":true}]}}