{"id":9010,"date":"2024-04-29T12:20:25","date_gmt":"2024-04-29T16:20:25","guid":{"rendered":"https:\/\/www.ciudadgoticanews.com\/?p=9010"},"modified":"2024-04-29T12:20:25","modified_gmt":"2024-04-29T16:20:25","slug":"fiscal-general-tarek-william-saab-acusa-a-el-aissami-ministros-funcionarios-de-pdvsa-y-bancamiga-de-desestabilizar-el-pais","status":"publish","type":"post","link":"https:\/\/www.ciudadgoticanews.com\/index.php\/2024\/04\/29\/fiscal-general-tarek-william-saab-acusa-a-el-aissami-ministros-funcionarios-de-pdvsa-y-bancamiga-de-desestabilizar-el-pais\/","title":{"rendered":"Fiscal General Tarek William Saab acusa a El Aissam\u00ed, ministros, funcionarios de PDVSA y Bancamiga de desestabilizar el pa\u00eds"},"content":{"rendered":"\r\n\r\nEn An\u00e1lisis Situacional, \u00d3scar Sch\u00e9mel, presidente de Hinterlaces, en entrevista con el fiscal general de la rep\u00fablica, Tarek William Saab, Sch\u00e9mel hace menci\u00f3n de que la fiscal\u00eda general es la instituci\u00f3n con m\u00e1s aprobaci\u00f3n en Venezuela, pues cuenta con el 68% de aprobaci\u00f3n de los venezolanos.\r\n\r\n \r\n\r\n<strong>Caso de Corrupci\u00f3n de PDVSA-CRITO<\/strong>\r\n\r\n \r\n\r\nEmpezaron hablando de la traici\u00f3n, mencionando que se ha padecido, en todos los tiempos, en todas las eras y hay una muy famosa. La traici\u00f3n de Judas a Cristo y \u00e9l consideraba su mejor hermano y fue el que lo llev\u00f3 al martirio de la historia de la humanidad. Todo este palabrer\u00edo rebuscado refiri\u00e9ndose al exvicepresidente de Venezuela Tareck El Aissam\u00ed y sus c\u00f3mplices, pues El Aissam\u00ed era una pieza clave en el chavismo.\r\n\r\n \r\n\r\nLamentablemente, la humanidad ha vivido enmarcada y all\u00ed voy a responder progresivamente tu respuesta a la lucha en pro de los valores humanos y obviamente de quienes desarrollan, ejecutan e imponen los antivalores, en una \u00e9poca pasada tener antivalores transgredir la ley fomentar y promover el caos participar en hechos que pudieran ser contranatural que pudieran ser ofensivos a la especie humana ten\u00edan su sanci\u00f3n moral contra ese tipo de personas, contra ese tipo de hechos.\r\n\r\n \r\n\r\nSch\u00e9mel le pregunta \u00bfqu\u00e9 se siente tener la traici\u00f3n tan cerca y verla completamente desnuda?, a lo que el fiscal respondi\u00f3 \u00abbueno asco, al lado de dignidad, para convertir ese hecho repugnante, repelente en una acci\u00f3n de Justicia\u00bb.\r\n\r\n \r\n\r\n&nbsp;\r\n\r\n \r\n<h2 class=\"wp-block-heading\"><strong>ARRANCA LA LUCHA CONTRA LA TRAMA PDVSA-CRIPTO<\/strong><\/h2>\r\n \r\n\r\nEn octubre de 2022, la fiscal\u00eda empez\u00f3 a investigar una manera de corrupci\u00f3n al m\u00e1s alto nivel, ligado a conspiraci\u00f3n econ\u00f3mica para liquidar la moneda venezolana, disparar el d\u00f3lar paralelo, saquear las arcas de la naci\u00f3n y no dejar absolutamente nada dentro de las arcas de la naci\u00f3n cosa que comenz\u00f3 a sentirse en el 2022, la fiscal\u00eda comenz\u00f3 a visualizar las irregularidades, y es donde arranca la primera fase de lucha contra la corrupci\u00f3n de la \u00abTrama PDVSA-CRITO\u00bb, fue en los meses de octubre, noviembre, diciembre de 2022, y enero, febrero y marzo de 2023.\r\n\r\n \r\n\r\nEn 2023,\u00a0El Aissami renunci\u00f3 a la presidencia de PDVSA y dijo entonces que lo hac\u00eda para \u201cacompa\u00f1ar y respaldar totalmente\u201d\u00a0las investigaciones sobre posibles irregularidades en la petrolera. En tanto, L\u00f3pez fue se\u00f1alado por el Departamento de Estado de EE.UU. de haber defraudado al Gobierno estadounidense, algo que \u00e9l rechaz\u00f3 y sobre lo que dijo que usar\u00eda todos los medios para defenderse, lo que desencaden\u00f3 una serie de detenciones del c\u00edrculo de Tareck El Aissam\u00ed.\r\n\r\n \r\n\r\nLa segunda fase arranca en abril del a\u00f1o 2024, un tribunal contra el terrorismo en Venezuela orden\u00f3 que los exfuncionarios Tareck El Aissami y Sim\u00f3n Zerpa y el empresario Samark L\u00f3pez permanezcan detenidos mientras son enjuiciados por cargos de traici\u00f3n a la patria y apropiaci\u00f3n del patrimonio p\u00fablico, esta segunda fase ya cuenta con unas 12 personas detenidas.\r\n\r\n \r\n\r\nEntre los se encuentran los hermanos De Grazia quienes son accionistas principales de la entidad financiera Bancamiga. Ten\u00edan orden de aprehensi\u00f3n expedida por el Tribunal Especial 2 contra el Terrorismo, seg\u00fan expediente 02-CT-S-043-23. En el mencionado tribunal reposa el expediente principal de los investigados por las cinco tramas de corrupci\u00f3n detectadas en Pdvsa, Corporaci\u00f3n Venezolana de Guyana, Cartones de Venezuela, Poder Judicial y Alcald\u00edas.\r\n\r\n \r\n<h2 class=\"wp-block-heading\"><strong>CONSPIRACI\u00d3N DETR\u00c1S DE CASO DE CORRUPCI\u00d3N PDVSA-CRITO <\/strong><\/h2>\r\n \r\n\r\nDetr\u00e1s este caso de corrupci\u00f3n PDVSA -CRIPTO existi\u00f3 una conspiraci\u00f3n pol\u00edtica, una tentativa de derrocamiento del gobierno, la Fiscal\u00eda General de la rep\u00fablica y el Ministerio P\u00fablico, han desarrollado acci\u00f3n penal con los \u00f3rganos auxiliares de justicia correspondientes, lo que ha ido determinando la responsabilidad de los implicados, como lo hizo del conocimiento nacional en rueda de prensa de abril martes 9 de abril, cuando anunci\u00f3 la detenci\u00f3n en ese primer momento de Tareck El Aisamm\u00ed, Sim\u00f3n Zerpa, y Samark L\u00f3pez.\r\n\r\n \r\n\r\n\u00abAgarramos tan fuera de base a los enemigos de la patria de todas las horas que dec\u00edan, por ejemplo, que en el caso de El Aissam\u00ed, ni siquiera viv\u00eda en Venezuela, que viv\u00eda en Dubai, que estaba en Emiratos \u00c1rabes Unidos, le colocaron varios lugares donde estaba en un exilio dorado. Lo que no dec\u00edan eso en una campa\u00f1a bestial pagada porque ten\u00edan hasta memes, que por cierto ya desaparecieron los memes y la campa\u00f1a\u00bb asegur\u00f3 el fiscal.\r\n\r\n \r\n\r\nInform\u00f3 que son aproximadamente 66 detenidos por esta trama y que este n\u00famero pudiera aumentar, pues no descarta que sigan las detenciones, asegur\u00f3 que todo esto formaba parte una conspiraci\u00f3n obviamente pol\u00edtica y econ\u00f3mica, al llevar el d\u00f3lar paralelo hasta la estratosfera generando escasez, pues consist\u00eda en apropiarse de las transnacionales petroleras y dejar a Venezuela en la ruina, utilizando el sistema el financiero, buscando el desfalco de la naci\u00f3n y una conspiraci\u00f3n pol\u00edtica, porque quer\u00edan reeditar por esa v\u00eda la violencia callejera y que estuvieran las calles inundadas de manifestaciones.\r\n\r\n \r\n<figure class=\"wp-block-embed is-type-video is-provider-youtube wp-block-embed-youtube wp-embed-aspect-16-9 wp-has-aspect-ratio\">\r\n<div class=\"wp-block-embed__wrapper\">https:\/\/youtu.be\/sBqT62ys01E<\/div><\/figure>\r\n \r\n\r\n&nbsp;\r\n\r\n \r\n\r\n&nbsp;\r\n\r\n","protected":false},"excerpt":{"rendered":"<p>En An\u00e1lisis Situacional, \u00d3scar Sch\u00e9mel, presidente de Hinterlaces, en entrevista con el fiscal general de la rep\u00fablica, Tarek William Saab, Sch\u00e9mel hace menci\u00f3n de que la fiscal\u00eda general es la instituci\u00f3n con m\u00e1s aprobaci\u00f3n en Venezuela, pues cuenta con el 68% de aprobaci\u00f3n de los venezolanos. Caso de Corrupci\u00f3n de PDVSA-CRITO Empezaron hablando de la [&hellip;]<\/p>\n","protected":false},"author":1,"featured_media":9014,"comment_status":"open","ping_status":"open","sticky":false,"template":"","format":"standard","meta":{"h5ap_radio_sources":[],"footnotes":""},"categories":[9],"tags":[],"class_list":["post-9010","post","type-post","status-publish","format-standard","has-post-thumbnail","hentry","category-venezuela"],"aioseo_notices":[],"_links":{"self":[{"href":"https:\/\/www.ciudadgoticanews.com\/index.php\/wp-json\/wp\/v2\/posts\/9010","targetHints":{"allow":["GET"]}}],"collection":[{"href":"https:\/\/www.ciudadgoticanews.com\/index.php\/wp-json\/wp\/v2\/posts"}],"about":[{"href":"https:\/\/www.ciudadgoticanews.com\/index.php\/wp-json\/wp\/v2\/types\/post"}],"author":[{"embeddable":true,"href":"https:\/\/www.ciudadgoticanews.com\/index.php\/wp-json\/wp\/v2\/users\/1"}],"replies":[{"embeddable":true,"href":"https:\/\/www.ciudadgoticanews.com\/index.php\/wp-json\/wp\/v2\/comments?post=9010"}],"version-history":[{"count":0,"href":"https:\/\/www.ciudadgoticanews.com\/index.php\/wp-json\/wp\/v2\/posts\/9010\/revisions"}],"wp:featuredmedia":[{"embeddable":true,"href":"https:\/\/www.ciudadgoticanews.com\/index.php\/wp-json\/wp\/v2\/media\/9014"}],"wp:attachment":[{"href":"https:\/\/www.ciudadgoticanews.com\/index.php\/wp-json\/wp\/v2\/media?parent=9010"}],"wp:term":[{"taxonomy":"category","embeddable":true,"href":"https:\/\/www.ciudadgoticanews.com\/index.php\/wp-json\/wp\/v2\/categories?post=9010"},{"taxonomy":"post_tag","embeddable":true,"href":"https:\/\/www.ciudadgoticanews.com\/index.php\/wp-json\/wp\/v2\/tags?post=9010"}],"curies":[{"name":"wp","href":"https:\/\/api.w.org\/{rel}","templated":true}]}}