{"id":938,"date":"2022-07-27T17:54:45","date_gmt":"2022-07-27T21:54:45","guid":{"rendered":"https:\/\/www.ciudadgoticanews.com\/?p=938"},"modified":"2022-07-27T17:54:45","modified_gmt":"2022-07-27T21:54:45","slug":"por-que-la-frontera-aerea-entre-aruba-y-venezuela-permanecera-cerrada-despues-de-rumores-de-reapertura","status":"publish","type":"post","link":"https:\/\/www.ciudadgoticanews.com\/index.php\/2022\/07\/27\/por-que-la-frontera-aerea-entre-aruba-y-venezuela-permanecera-cerrada-despues-de-rumores-de-reapertura\/","title":{"rendered":"Por qu\u00e9 la frontera a\u00e9rea entre Aruba y Venezuela permanecer\u00e1 cerrada despu\u00e9s de rumores de reapertura"},"content":{"rendered":"<p>Las negociaciones entre las islas de Aruba y Curazao con el r\u00e9gimen de Nicol\u00e1s Maduro a\u00fan no acuerdan el restablecimiento de las conexiones mar\u00edtimas y a\u00e9reas. Las conversaciones, que se vienen dando desde finales de mayo est\u00e1n estancadas en los temas de recuperaci\u00f3n gradual del comercio mar\u00edtimo y los procesos de expulsi\u00f3n y repatriaci\u00f3n de migrantes.<\/p>\n<p>Sin embargo, semanas atr\u00e1s corri\u00f3 el rumor de que estar\u00eda por darse una reactivaci\u00f3n de las conexiones a\u00e9reas entre las antillas y Venezuela y este 21 de julio circul\u00f3 en redes sociales la informaci\u00f3n de que Aruba eliminaa las restricciones a\u00e9reas con Venezuela.<\/p>\n<p>El abogado aeron\u00e1utico Rodolfo Ruiz public\u00f3 en Twitter que la Isla hab\u00eda eliminado un aviso oficial que restring\u00eda los vuelos desde la naci\u00f3n suramericana. Se\u00f1al\u00f3 que la eliminaci\u00f3n no necesariamente implicaba la reapertura plena de fronteras.<\/p>\n<p>La publicaci\u00f3n gener\u00f3 especulaciones que fueron aclaradas por el gobierno de Aruba. \u00abCirculan informaciones sobre el levantamiento de la restricci\u00f3n de vuelos entre Aruba y Venezuela. Esto no es correcto. Por favor, no contacte a su agente de viajes\u00bb, public\u00f3 la Embajada de Pa\u00edses Bajos en Venezuela a trav\u00e9s de Twitter.<\/p>\n<p>Ruiz detall\u00f3 despu\u00e9s que la informaci\u00f3n hab\u00eda sido publicada en la web de la Administraci\u00f3n Federal de Aviaci\u00f3n del Departamento de Transporte de los EEUU, donde no se observaba el aviso oficial. Agreg\u00f3 que fue despu\u00e9s cuando el gobierno de Aruba public\u00f3 la extensi\u00f3n de la restricci\u00f3n por tres meses.<\/p>\n<p>\u201cNunca dije que se hab\u00edan levantado las restricciones de entre y Aruba y Venezuela, tal y como rese\u00f1aron algunos diarios digitales (o al menos, esas no fueron mis palabras). Pero, en todo caso, humilde y responsablemente pido disculpas por cualquier confusi\u00f3n generada\u201d, manifest\u00f3 el abogado.<\/p>\n<div style=\"max-width: 550px;\">\n<div style=\"left: 0; width: 100%; height: 0; position: relative; padding-bottom: 56.25%;\"><iframe title=\"Rodolfo Ruiz A. on Twitter \/ X\" src=\"\/\/if-cdn.com\/91eiyIs?maxheight=960&#038;maxwidth=640&#038;app=1\" style=\"top: 0; left: 0; width: 100%; height: 100%; position: absolute; border: 0;\" allowfullscreen><\/iframe><\/div>\n<\/div>\n<p><script async src=\"\/\/if-cdn.com\/embed.js\" charset=\"utf-8\"><\/script><\/p>\n<div style=\"max-width: 550px;\">\n<div style=\"left: 0; width: 100%; height: 0; position: relative; padding-bottom: 56.25%;\"><iframe title=\"Rodolfo Ruiz A. on Twitter \/ X\" src=\"\/\/if-cdn.com\/QcmSztz?maxheight=960&#038;maxwidth=640&#038;app=1\" style=\"top: 0; left: 0; width: 100%; height: 100%; position: absolute; border: 0;\" allowfullscreen><\/iframe><\/div>\n<\/div>\n<p><script async src=\"\/\/if-cdn.com\/embed.js\" charset=\"utf-8\"><\/script><\/p>\n<p>Con informaci\u00f3n de\u00a0<a href=\"https:\/\/www.elnacional.com\/venezuela\/que-se-sabe-del-posible-restablecimiento-de-las-relaciones-entre-aruba-y-venezuela\/\"><strong>EL NACIONAL<\/strong><\/a>.<\/p>\n<h3><a href=\"https:\/\/primerinforme.com\/actualidad\/por-que-no-se-restablecio-la-conexion-aerea-entre-venezuela-y-aruba\/\" target=\"_blank\" rel=\"noopener\"><strong>Primer Informe<\/strong><\/a><\/h3>\n","protected":false},"excerpt":{"rendered":"<p>Las negociaciones entre las islas de Aruba y Curazao con el r\u00e9gimen de Nicol\u00e1s Maduro a\u00fan no acuerdan el restablecimiento de las conexiones mar\u00edtimas y a\u00e9reas. Las conversaciones, que se vienen dando desde finales de mayo est\u00e1n estancadas en los temas de recuperaci\u00f3n gradual del comercio mar\u00edtimo y los procesos de expulsi\u00f3n y repatriaci\u00f3n de [&hellip;]<\/p>\n","protected":false},"author":1,"featured_media":940,"comment_status":"open","ping_status":"open","sticky":false,"template":"","format":"standard","meta":{"h5ap_radio_sources":[],"footnotes":""},"categories":[3],"tags":[],"class_list":["post-938","post","type-post","status-publish","format-standard","has-post-thumbnail","hentry","category-aruba"],"aioseo_notices":[],"_links":{"self":[{"href":"https:\/\/www.ciudadgoticanews.com\/index.php\/wp-json\/wp\/v2\/posts\/938","targetHints":{"allow":["GET"]}}],"collection":[{"href":"https:\/\/www.ciudadgoticanews.com\/index.php\/wp-json\/wp\/v2\/posts"}],"about":[{"href":"https:\/\/www.ciudadgoticanews.com\/index.php\/wp-json\/wp\/v2\/types\/post"}],"author":[{"embeddable":true,"href":"https:\/\/www.ciudadgoticanews.com\/index.php\/wp-json\/wp\/v2\/users\/1"}],"replies":[{"embeddable":true,"href":"https:\/\/www.ciudadgoticanews.com\/index.php\/wp-json\/wp\/v2\/comments?post=938"}],"version-history":[{"count":0,"href":"https:\/\/www.ciudadgoticanews.com\/index.php\/wp-json\/wp\/v2\/posts\/938\/revisions"}],"wp:featuredmedia":[{"embeddable":true,"href":"https:\/\/www.ciudadgoticanews.com\/index.php\/wp-json\/wp\/v2\/media\/940"}],"wp:attachment":[{"href":"https:\/\/www.ciudadgoticanews.com\/index.php\/wp-json\/wp\/v2\/media?parent=938"}],"wp:term":[{"taxonomy":"category","embeddable":true,"href":"https:\/\/www.ciudadgoticanews.com\/index.php\/wp-json\/wp\/v2\/categories?post=938"},{"taxonomy":"post_tag","embeddable":true,"href":"https:\/\/www.ciudadgoticanews.com\/index.php\/wp-json\/wp\/v2\/tags?post=938"}],"curies":[{"name":"wp","href":"https:\/\/api.w.org\/{rel}","templated":true}]}}