{"id":9716,"date":"2024-06-01T11:28:43","date_gmt":"2024-06-01T15:28:43","guid":{"rendered":"https:\/\/www.ciudadgoticanews.com\/?p=9716"},"modified":"2024-06-01T11:28:43","modified_gmt":"2024-06-01T15:28:43","slug":"economista-federico-alves-informa-sobre-supuesta-salida-del-aire-del-programa-con-el-mazo-dando-de-vtv","status":"publish","type":"post","link":"https:\/\/www.ciudadgoticanews.com\/index.php\/2024\/06\/01\/economista-federico-alves-informa-sobre-supuesta-salida-del-aire-del-programa-con-el-mazo-dando-de-vtv\/","title":{"rendered":"Economista Federico Alves informa sobre supuesta salida del aire del programa \u00abCon el Mazo Dando\u00bb de VTV"},"content":{"rendered":"\r\n\r\nEl economista y muy activo en redes sociales, especialmente en X, antiguo Twitter, Federico Alves, anunci\u00f3 hace pocos momentos en su cuenta X, el rumor que estar\u00eda corriendo en torno a Diosdado Cabello y su conocido programa de \u00abCon el Mazo Dando\u00bb, que se transmite por Venezolana de Televisi\u00f3n.\r\n\r\n \r\n\r\n\u00abSuspendido indefinidamente de @VTVcanal8 el programa @ConElMazoDando. @dcabellor podr\u00eda haber ca\u00eddo en desgracia. Espero que se le respeten sus DDHH como a cualquier venezolano, y se acate el requisito del debido proceso, algo que NO hicieron con @rociosanmiguel. @MinpublicoVEN @tarekwiliamsaab. Estoy buscando confirmaci\u00f3n. Me lleg\u00f3 por tres v\u00edas\u00bb, asegur\u00f3 Alves.\r\n\r\n \r\n\r\n&nbsp;\r\n\r\n \r\n<blockquote class=\"twitter-tweet\">\r\n<p dir=\"ltr\" lang=\"es\"><a href=\"https:\/\/twitter.com\/hashtag\/RUMOR?src=hash&amp;ref_src=twsrc%5Etfw\">#RUMOR<\/a>: Suspendido indefinidamente de <a href=\"https:\/\/twitter.com\/VTVcanal8?ref_src=twsrc%5Etfw\">@VTVcanal8<\/a> el programa <a href=\"https:\/\/twitter.com\/ConElMazoDando?ref_src=twsrc%5Etfw\">@ConElMazoDando<\/a>. <a href=\"https:\/\/twitter.com\/dcabellor?ref_src=twsrc%5Etfw\">@dcabellor<\/a> podr\u00eda haber ca\u00eddo en desgracia. Espero que se le respeten sus DDHH como a cualquier venezolano, y se acate el requisito del debido proceso, algo que NO hicieron con <a href=\"https:\/\/twitter.com\/rociosanmiguel?ref_src=twsrc%5Etfw\">@rociosanmiguel<\/a>.\u2026<\/p>\r\n\r\n\u2014 Federico Alves, Econ. (@federicoalves) <a href=\"https:\/\/twitter.com\/federicoalves\/status\/1796882833383866599?ref_src=twsrc%5Etfw\">June 1, 2024<\/a><\/blockquote>\r\n \r\n\r\nCaptura de pantalla de la publicaci\u00f3n de Alves.\r\n\r\n \r\n<figure class=\"wp-block-image size-full\"><img decoding=\"async\" class=\"wp-image-4232\" src=\"https:\/\/elnoticiero.net\/wp-content\/uploads\/2024\/06\/Sin-titulo-1.png\" alt=\"\" \/><\/figure>\r\n \r\n\r\n\u00bfHabr\u00e1 ca\u00eddo en desgracia Diosdado Cabello como lo asegura Federico Alves?\r\n\r\n","protected":false},"excerpt":{"rendered":"<p>El economista y muy activo en redes sociales, especialmente en X, antiguo Twitter, Federico Alves, anunci\u00f3 hace pocos momentos en su cuenta X, el rumor que estar\u00eda corriendo en torno a Diosdado Cabello y su conocido programa de \u00abCon el Mazo Dando\u00bb, que se transmite por Venezolana de Televisi\u00f3n. \u00abSuspendido indefinidamente de @VTVcanal8 el programa [&hellip;]<\/p>\n","protected":false},"author":1,"featured_media":9717,"comment_status":"open","ping_status":"open","sticky":false,"template":"","format":"standard","meta":{"h5ap_radio_sources":[],"footnotes":""},"categories":[9],"tags":[],"class_list":["post-9716","post","type-post","status-publish","format-standard","has-post-thumbnail","hentry","category-venezuela"],"aioseo_notices":[],"_links":{"self":[{"href":"https:\/\/www.ciudadgoticanews.com\/index.php\/wp-json\/wp\/v2\/posts\/9716","targetHints":{"allow":["GET"]}}],"collection":[{"href":"https:\/\/www.ciudadgoticanews.com\/index.php\/wp-json\/wp\/v2\/posts"}],"about":[{"href":"https:\/\/www.ciudadgoticanews.com\/index.php\/wp-json\/wp\/v2\/types\/post"}],"author":[{"embeddable":true,"href":"https:\/\/www.ciudadgoticanews.com\/index.php\/wp-json\/wp\/v2\/users\/1"}],"replies":[{"embeddable":true,"href":"https:\/\/www.ciudadgoticanews.com\/index.php\/wp-json\/wp\/v2\/comments?post=9716"}],"version-history":[{"count":0,"href":"https:\/\/www.ciudadgoticanews.com\/index.php\/wp-json\/wp\/v2\/posts\/9716\/revisions"}],"wp:featuredmedia":[{"embeddable":true,"href":"https:\/\/www.ciudadgoticanews.com\/index.php\/wp-json\/wp\/v2\/media\/9717"}],"wp:attachment":[{"href":"https:\/\/www.ciudadgoticanews.com\/index.php\/wp-json\/wp\/v2\/media?parent=9716"}],"wp:term":[{"taxonomy":"category","embeddable":true,"href":"https:\/\/www.ciudadgoticanews.com\/index.php\/wp-json\/wp\/v2\/categories?post=9716"},{"taxonomy":"post_tag","embeddable":true,"href":"https:\/\/www.ciudadgoticanews.com\/index.php\/wp-json\/wp\/v2\/tags?post=9716"}],"curies":[{"name":"wp","href":"https:\/\/api.w.org\/{rel}","templated":true}]}}