{"id":979,"date":"2022-08-02T17:21:06","date_gmt":"2022-08-02T21:21:06","guid":{"rendered":"https:\/\/www.ciudadgoticanews.com\/?p=979"},"modified":"2022-08-02T17:21:06","modified_gmt":"2022-08-02T21:21:06","slug":"recluyen-en-centro-de-detencion-de-guarda-no-costa-a-ocho-venezolanos-indocumentados-que-intentaron-ingresar-via-maritima-a-aruba","status":"publish","type":"post","link":"https:\/\/www.ciudadgoticanews.com\/index.php\/2022\/08\/02\/recluyen-en-centro-de-detencion-de-guarda-no-costa-a-ocho-venezolanos-indocumentados-que-intentaron-ingresar-via-maritima-a-aruba\/","title":{"rendered":"Recluyen en centro de detenci\u00f3n de Guarda No Costa a ocho venezolanos indocumentados que intentaron ingresar v\u00eda mar\u00edtima a Aruba"},"content":{"rendered":"<p>La Guardia costera de Pa\u00edses Bajos y la polic\u00eda de Aruba capturaron a ocho venezolanos que viajaban a bordo de una embarcaci\u00f3n e intentaron ingresar a Aruba sin documentaci\u00f3n, el s\u00e1bado 30 de julio.<\/p>\n<p>El periodista Jhonattam Petit inform\u00f3 a trav\u00e9s de Twitter que los migrantes viajaban en una embarcaci\u00f3n llamada \u00abMi primera vez\u00bb cuando las autoridades los capturaron.<\/p>\n<p>De acuerdo con la informaci\u00f3n del periodista, a los venezolanos los trasladaron al centro de detenci\u00f3n para indocumentados Guarda No Costa. Por su parte, al capit\u00e1n de nav\u00edo se le abrir\u00e1 una investigaci\u00f3n por los delitos de trata y tr\u00e1fico de personas.<\/p>\n<p>\u00abLas autoridades de la isla procedieron con enviar a los venezolanos al centro de detenci\u00f3n para indocumentados Guarda No Costa, mientras que el capit\u00e1n del nav\u00edo lo investigar\u00e1n por los delitos trata y tr\u00e1fico de personas\u00bb, escribi\u00f3 Petit en la red social.<\/p>\n<p>Una embarcaci\u00f3n con 11 migrantes venezolanos a bordo fue detenida en altamar el pasado mes de marzo por las autoridades de Oranjestad, capital de Aruba, cuando intentaban ingresar a dicho pa\u00eds de forma ilegal.<\/p>\n<p>El capit\u00e1n y su ayudante est\u00e1n en manos de la polic\u00eda, mientras que el resto de los migrantes est\u00e1n detenidos en instalaciones de la Guardia Costera, de acuerdo con una informaci\u00f3n publicada en Twitter por el periodista Jhonattam Petit.<\/p>\n<p>En fotos que comparti\u00f3 el comunicador se observa el momento en que las autoridades escoltan a los ciudadanos fuera de la embarcaci\u00f3n en un muelle.<\/p>\n<div style=\"max-width: 550px;\">\n<div style=\"left: 0; width: 100%; height: 0; position: relative; padding-bottom: 56.25%;\"><iframe title=\"Jhonattam Petit on Twitter \/ X\" src=\"\/\/if-cdn.com\/4HXAjke?maxheight=960&#038;maxwidth=640&#038;app=1\" style=\"top: 0; left: 0; width: 100%; height: 100%; position: absolute; border: 0;\" allowfullscreen><\/iframe><\/div>\n<\/div>\n<p><script async src=\"\/\/if-cdn.com\/embed.js\" charset=\"utf-8\"><\/script><\/p>\n","protected":false},"excerpt":{"rendered":"<p>La Guardia costera de Pa\u00edses Bajos y la polic\u00eda de Aruba capturaron a ocho venezolanos que viajaban a bordo de una embarcaci\u00f3n e intentaron ingresar a Aruba sin documentaci\u00f3n, el s\u00e1bado 30 de julio. El periodista Jhonattam Petit inform\u00f3 a trav\u00e9s de Twitter que los migrantes viajaban en una embarcaci\u00f3n llamada \u00abMi primera vez\u00bb cuando [&hellip;]<\/p>\n","protected":false},"author":1,"featured_media":786,"comment_status":"open","ping_status":"open","sticky":false,"template":"","format":"standard","meta":{"h5ap_radio_sources":[],"footnotes":""},"categories":[3],"tags":[],"class_list":["post-979","post","type-post","status-publish","format-standard","has-post-thumbnail","hentry","category-aruba"],"aioseo_notices":[],"_links":{"self":[{"href":"https:\/\/www.ciudadgoticanews.com\/index.php\/wp-json\/wp\/v2\/posts\/979","targetHints":{"allow":["GET"]}}],"collection":[{"href":"https:\/\/www.ciudadgoticanews.com\/index.php\/wp-json\/wp\/v2\/posts"}],"about":[{"href":"https:\/\/www.ciudadgoticanews.com\/index.php\/wp-json\/wp\/v2\/types\/post"}],"author":[{"embeddable":true,"href":"https:\/\/www.ciudadgoticanews.com\/index.php\/wp-json\/wp\/v2\/users\/1"}],"replies":[{"embeddable":true,"href":"https:\/\/www.ciudadgoticanews.com\/index.php\/wp-json\/wp\/v2\/comments?post=979"}],"version-history":[{"count":0,"href":"https:\/\/www.ciudadgoticanews.com\/index.php\/wp-json\/wp\/v2\/posts\/979\/revisions"}],"wp:featuredmedia":[{"embeddable":true,"href":"https:\/\/www.ciudadgoticanews.com\/index.php\/wp-json\/wp\/v2\/media\/786"}],"wp:attachment":[{"href":"https:\/\/www.ciudadgoticanews.com\/index.php\/wp-json\/wp\/v2\/media?parent=979"}],"wp:term":[{"taxonomy":"category","embeddable":true,"href":"https:\/\/www.ciudadgoticanews.com\/index.php\/wp-json\/wp\/v2\/categories?post=979"},{"taxonomy":"post_tag","embeddable":true,"href":"https:\/\/www.ciudadgoticanews.com\/index.php\/wp-json\/wp\/v2\/tags?post=979"}],"curies":[{"name":"wp","href":"https:\/\/api.w.org\/{rel}","templated":true}]}}